{"id":224,"date":"2025-11-24T07:51:46","date_gmt":"2025-11-24T07:51:46","guid":{"rendered":"https:\/\/educatespilar.com\/?p=224"},"modified":"2025-11-25T20:52:15","modified_gmt":"2025-11-25T20:52:15","slug":"primera-sintesis-pragmatismo-y-teoria","status":"publish","type":"post","link":"https:\/\/educatespilar.com\/en\/primera-sintesis-pragmatismo-y-teoria\/","title":{"rendered":"Primera s\u00edntesis: pragmatismo y teor\u00eda"},"content":{"rendered":"<p><img data-recalc-dims=\"1\" decoding=\"async\" loading=\"lazy\" class=\"alignnone size-medium wp-image-225\" src=\"https:\/\/i0.wp.com\/educatespilar.com\/wp-content\/uploads\/2025\/11\/numerology-concept-with-blackboard.jpg?resize=200%2C300&#038;ssl=1\" alt=\"\" width=\"200\" height=\"300\" srcset=\"https:\/\/i0.wp.com\/educatespilar.com\/wp-content\/uploads\/2025\/11\/numerology-concept-with-blackboard-scaled.jpg?resize=200%2C300&amp;ssl=1 200w, https:\/\/i0.wp.com\/educatespilar.com\/wp-content\/uploads\/2025\/11\/numerology-concept-with-blackboard-scaled.jpg?resize=683%2C1024&amp;ssl=1 683w, https:\/\/i0.wp.com\/educatespilar.com\/wp-content\/uploads\/2025\/11\/numerology-concept-with-blackboard-scaled.jpg?resize=768%2C1152&amp;ssl=1 768w, https:\/\/i0.wp.com\/educatespilar.com\/wp-content\/uploads\/2025\/11\/numerology-concept-with-blackboard-scaled.jpg?resize=1024%2C1536&amp;ssl=1 1024w, https:\/\/i0.wp.com\/educatespilar.com\/wp-content\/uploads\/2025\/11\/numerology-concept-with-blackboard-scaled.jpg?resize=1365%2C2048&amp;ssl=1 1365w, https:\/\/i0.wp.com\/educatespilar.com\/wp-content\/uploads\/2025\/11\/numerology-concept-with-blackboard-scaled.jpg?resize=8%2C12&amp;ssl=1 8w, https:\/\/i0.wp.com\/educatespilar.com\/wp-content\/uploads\/2025\/11\/numerology-concept-with-blackboard-scaled.jpg?w=1707&amp;ssl=1 1707w\" sizes=\"auto, (max-width: 200px) 100vw, 200px\" \/><\/p>\n<p><span style=\"font-weight: 400;\">Jonn Dewey (1859-1952) fue un fil\u00f3sofo y pedagogo norteamericano que produjo una vasta obra te\u00f3rica en la que se ocup\u00f3 de todos los problemas m\u00e1s importantes planteados por la ciencia de la educaci\u00f3n en la \u00e9poca contempor\u00e1nea. Si bien vivi\u00f3 y sigui\u00f3 produciendo hasta 1952, nos hemos limitado a tomar algunos textos que, o pertenecen a su primera \u00e9poca como Mi credo pedag\u00f3gico, que data de 1897 o bien se afirman te\u00f3ricamente en ese sentido, que, por otra parte, se mantuvo siempre dentro de l\u00edneas generales inalterables. El hecho de estar ubicado en la escuela pragm\u00e1tica, por su orientaci\u00f3n y metodolog\u00eda filos\u00f3fica y cient\u00edfica, ha hecho perder de vista frecuentemente uno de sus aportes m\u00e1s importantes: nos referimos a su \u00e9nfasis permanente por valorizar a la teor\u00eda pedag\u00f3gica como elemento indispensable para dotar de cientificidad la educaci\u00f3n y la pr\u00e1ctica educativa.\u00a0<\/span><\/p>\n<p><span style=\"font-weight: 400;\">En este sentido, su cr\u00edtica al empirismo adquiere un indudable valor te\u00f3rico, ya que, sin desvalorizar la experiencia adquirida por el maestro singular en su trabajo educativo cotidiano, apunta a la necesidad de lograr una sistematizaci\u00f3n que permita acumular los conocimientos adquiridos en la pr\u00e1ctica y establecer leyes v\u00e1lidas para la orientaci\u00f3n de la actividad educadora en general. Ahora bien, como la pregunta que se hace Dewey permanentemente conduce a su reflexi\u00f3n a la busca de la aplicaci\u00f3n concreta que un conocimiento cualquiera puede hallar en el campo de la transmisi\u00f3n de la cultura y de la posibilidad para el sujeto de la educaci\u00f3n de experimentar esa cultura a trav\u00e9s de la acci\u00f3n; o dicho de otro modo, dado que la educaci\u00f3n constituye para \u00e9l un proceso que debe conducir a resultados pr\u00e1cticos y ser directamente instrumental, entonces, el contenido espec\u00edfico de la ciencia de la educaci\u00f3n no puede ser definido del mismo modo que el de las otras ciencias. &#8220;No existe afirma Dewey una materia intr\u00ednsecamente se\u00f1alada, marcada aparte, como contenido de la ciencia pedag\u00f3gica.\u00a0<\/span><\/p>\n<p><span style=\"font-weight: 400;\">Todos los m\u00e9todos y todos los hechos y principios de cualquier materia que hagan posible tratar los problemas de la educaci\u00f3n e instrucci\u00f3n. en una forma mejor son pertinentes para ella.&#8221; [&#8230;]&#8221;La suposici\u00f3n, aunque sea t\u00e1cita, de que la ciencia de la educaci\u00f3n tiene su propia y peculiar materia de estudio, produce un aislamiento que hace de \u00e9sta un \u201c&#8217;misterio\u201d en el sentido que lo eran en otro tiempo las profesiones superiores. Una muestra superficial de este aislamiento se encuentra en el desarrollo de aquella terminolog\u00eda peculiar que se ha llamado la \u00abpaidolog\u00eda\u00bb. Esta segregaci\u00f3n es tambi\u00e9n responsable de la tendencia ya mencionada a penetrar en los asuntos educativos sin un fundamento suficiente en las disciplinas no pedag\u00f3gicas a que debe acudirse, y de aqu\u00ed a exagerar puntos de menor importancia en una forma absurda, unilateral, y a emplear alguna t\u00e9cnica cient\u00edfica especial como si su uso fuera la garant\u00eda m\u00e1gica de un producto cient\u00edfico&#8221;. &#8220;El reconocimiento de la variedad de ciencias que deben contemplarse para resolver cualquier problema educativo lleva a ampliar la visi\u00f3n y a un esfuerzo m\u00e1s serio y prolongado en el equilibrio de la variedad de factores que intervienen a\u00fan en los problemas m\u00e1s sencillos de la ense\u00f1anza. As\u00ed podr\u00eda reducirse la sucesi\u00f3n incontrolada de las olas de intereses y programas unilaterales y moment\u00e1neos que han afectado a la pr\u00e1ctica y a la teor\u00eda de la educaci\u00f3n\u201d.<\/span><\/p>\n<p><span style=\"font-weight: 400;\">Dewey plantea tambi\u00e9n el car\u00e1cter social de la educaci\u00f3n, pero como puede verse en los dos primeros cap\u00edtulos de Democracia y educaci\u00f3n que publicamos aqui su concepci\u00f3n, a diferencia de la de Natorp, es decididamente pragm\u00e1tica y se basa en un modelo organicista de la sociedad y del proceso de la comunicaci\u00f3n. Pero en el caso de Dewey, es preciso puntualizar algunas otras cuestiones que los textos no revelan y, no obstante, el lector debe conocer, para comprender cabalmente el valor y los alcances de su aporte a la pedagog\u00eda contempor\u00e1nea. La importancia de la obra de John Dewey reside especialmente en el hecho de que su concepci\u00f3n pedag\u00f3gica estuvo siempre sometida a una estrecha confrontaci\u00f3n con la pr\u00e1ctica, desde la fundaci\u00f3n bajo su direcci\u00f3n de la Escuela primaria universitaria, en Chicago, hacia 1896, y a trav\u00e9s de los distintos proyectos del movimiento de las &#8220;escuelas progresivas\u201d que giraron todos en torno a su moderna concepci\u00f3n de la \u201ceducaci\u00f3n por la acci\u00f3n&#8221;.\u00a0<\/span><\/p>\n<p><span style=\"font-weight: 400;\">La \u201ceducaci\u00f3n por la acci\u00f3n&#8221;, que propon\u00eda Dewey, era la contrapartida de la &#8220;educaci\u00f3n por la instrucci\u00f3n&#8221; herbartiana. La propuesta de Dewey entronca f\u00e1cilmente con la de las escuelas nuevas que aparecen en otros pa\u00edses occidentales, como veremos m\u00e1s adelante. Espontaneidad, actividad y experiencia son elementos fundamentales en la pedagog\u00eda de Dewey, en la educaci\u00f3n &#8220;nueva\u201d que \u00e9l opone a la educaci\u00f3n \u201ctradicional\u201d, mec\u00e1nica, libresca e intelectualista. En todo ello no est\u00e1 ausente la influencia del desarrollo alcanzado por la ciencia y la t\u00e9cnica en la sociedad capitalista en la \u00e9poca en que nos estamos ubicando.<\/span><\/p>\n<p><span style=\"font-weight: 400;\">Nuestro criterio, pues, al seleccionar algunos textos de Dewey, estuvo fundado no s\u00f3lo en la importancia de su aporte te\u00f3rico y su \u00e9nfasis en los ejes de la cientificidad y el car\u00e1cter social de la educaci\u00f3n, sino en la relaci\u00f3n inevitable en que entran estos aportes con la experimentaci\u00f3n de las doctrinas pedag\u00f3gicas. Y este es un punto que no debemos perder de vista porque nos conduce a un tema tratado por Durkheim, cuya inclusi\u00f3n nos proponemos justificar ahora mismo.\u00a0<\/span><\/p>\n<p>&nbsp;<\/p>\n","protected":false},"excerpt":{"rendered":"<p>Jonn Dewey (1859-1952) fue un fil\u00f3sofo y pedagogo norteamericano que produjo una vasta obra te\u00f3rica en la que se ocup\u00f3 de todos los problemas m\u00e1s importantes planteados por la ciencia de la educaci\u00f3n en la \u00e9poca contempor\u00e1nea. Si bien vivi\u00f3 y sigui\u00f3 produciendo hasta 1952, nos hemos limitado a tomar algunos textos que, o pertenecen [&hellip;]<\/p>\n","protected":false},"author":2,"featured_media":225,"comment_status":"closed","ping_status":"closed","sticky":false,"template":"","format":"standard","meta":{"nf_dc_page":"","_jetpack_memberships_contains_paid_content":false,"footnotes":""},"categories":[9],"tags":[87,88],"class_list":["post-224","post","type-post","status-publish","format-standard","has-post-thumbnail","hentry","category-educacion","tag-pragmatismo","tag-teoria"],"yoast_head":"<!-- This site is optimized with the Yoast SEO plugin v27.4 - https:\/\/yoast.com\/product\/yoast-seo-wordpress\/ -->\n<title>Primera s\u00edntesis: pragmatismo y teor\u00eda - EducatesPilar.com<\/title>\n<meta name=\"robots\" content=\"index, follow, max-snippet:-1, max-image-preview:large, max-video-preview:-1\" \/>\n<link rel=\"canonical\" href=\"https:\/\/educatespilar.com\/en\/primera-sintesis-pragmatismo-y-teoria\/\" \/>\n<meta property=\"og:locale\" content=\"en_US\" \/>\n<meta property=\"og:type\" content=\"article\" \/>\n<meta property=\"og:title\" content=\"Primera s\u00edntesis: pragmatismo y teor\u00eda - EducatesPilar.com\" \/>\n<meta property=\"og:description\" content=\"Jonn Dewey (1859-1952) fue un fil\u00f3sofo y pedagogo norteamericano que produjo una vasta obra te\u00f3rica en la que se ocup\u00f3 de todos los problemas m\u00e1s importantes planteados por la ciencia de la educaci\u00f3n en la \u00e9poca contempor\u00e1nea. Si bien vivi\u00f3 y sigui\u00f3 produciendo hasta 1952, nos hemos limitado a tomar algunos textos que, o pertenecen [&hellip;]\" \/>\n<meta property=\"og:url\" content=\"https:\/\/educatespilar.com\/en\/primera-sintesis-pragmatismo-y-teoria\/\" \/>\n<meta property=\"og:site_name\" content=\"EducatesPilar.com\" \/>\n<meta property=\"article:published_time\" content=\"2025-11-24T07:51:46+00:00\" \/>\n<meta property=\"article:modified_time\" content=\"2025-11-25T20:52:15+00:00\" \/>\n<meta property=\"og:image\" content=\"https:\/\/educatespilar.com\/wp-content\/uploads\/2025\/11\/numerology-concept-with-blackboard-scaled.jpg\" \/>\n\t<meta property=\"og:image:width\" content=\"1707\" \/>\n\t<meta property=\"og:image:height\" content=\"2560\" \/>\n\t<meta property=\"og:image:type\" content=\"image\/jpeg\" \/>\n<meta name=\"author\" content=\"educates\" \/>\n<meta name=\"twitter:card\" content=\"summary_large_image\" \/>\n<meta name=\"twitter:label1\" content=\"Written by\" \/>\n\t<meta name=\"twitter:data1\" content=\"educates\" \/>\n\t<meta name=\"twitter:label2\" content=\"Est. reading time\" \/>\n\t<meta name=\"twitter:data2\" content=\"5 minutes\" \/>\n<script type=\"application\/ld+json\" class=\"yoast-schema-graph\">{\"@context\":\"https:\\\/\\\/schema.org\",\"@graph\":[{\"@type\":\"Article\",\"@id\":\"https:\\\/\\\/educatespilar.com\\\/primera-sintesis-pragmatismo-y-teoria\\\/#article\",\"isPartOf\":{\"@id\":\"https:\\\/\\\/educatespilar.com\\\/primera-sintesis-pragmatismo-y-teoria\\\/\"},\"author\":{\"name\":\"educates\",\"@id\":\"https:\\\/\\\/tzs.pgq.temporary.site\\\/website_c18d3ae6\\\/#\\\/schema\\\/person\\\/655446504db2a404e6921d90ab7c0a0f\"},\"headline\":\"Primera s\u00edntesis: pragmatismo y teor\u00eda\",\"datePublished\":\"2025-11-24T07:51:46+00:00\",\"dateModified\":\"2025-11-25T20:52:15+00:00\",\"mainEntityOfPage\":{\"@id\":\"https:\\\/\\\/educatespilar.com\\\/primera-sintesis-pragmatismo-y-teoria\\\/\"},\"wordCount\":996,\"image\":{\"@id\":\"https:\\\/\\\/educatespilar.com\\\/primera-sintesis-pragmatismo-y-teoria\\\/#primaryimage\"},\"thumbnailUrl\":\"https:\\\/\\\/i0.wp.com\\\/educatespilar.com\\\/wp-content\\\/uploads\\\/2025\\\/11\\\/numerology-concept-with-blackboard-scaled.jpg?fit=1707%2C2560&ssl=1\",\"keywords\":[\"pragmatismo\",\"teoria\"],\"articleSection\":[\"Educaci\u00f3n\"],\"inLanguage\":\"en-US\"},{\"@type\":\"WebPage\",\"@id\":\"https:\\\/\\\/educatespilar.com\\\/primera-sintesis-pragmatismo-y-teoria\\\/\",\"url\":\"https:\\\/\\\/educatespilar.com\\\/primera-sintesis-pragmatismo-y-teoria\\\/\",\"name\":\"Primera s\u00edntesis: pragmatismo y teor\u00eda - EducatesPilar.com\",\"isPartOf\":{\"@id\":\"https:\\\/\\\/tzs.pgq.temporary.site\\\/website_c18d3ae6\\\/#website\"},\"primaryImageOfPage\":{\"@id\":\"https:\\\/\\\/educatespilar.com\\\/primera-sintesis-pragmatismo-y-teoria\\\/#primaryimage\"},\"image\":{\"@id\":\"https:\\\/\\\/educatespilar.com\\\/primera-sintesis-pragmatismo-y-teoria\\\/#primaryimage\"},\"thumbnailUrl\":\"https:\\\/\\\/i0.wp.com\\\/educatespilar.com\\\/wp-content\\\/uploads\\\/2025\\\/11\\\/numerology-concept-with-blackboard-scaled.jpg?fit=1707%2C2560&ssl=1\",\"datePublished\":\"2025-11-24T07:51:46+00:00\",\"dateModified\":\"2025-11-25T20:52:15+00:00\",\"author\":{\"@id\":\"https:\\\/\\\/tzs.pgq.temporary.site\\\/website_c18d3ae6\\\/#\\\/schema\\\/person\\\/655446504db2a404e6921d90ab7c0a0f\"},\"breadcrumb\":{\"@id\":\"https:\\\/\\\/educatespilar.com\\\/primera-sintesis-pragmatismo-y-teoria\\\/#breadcrumb\"},\"inLanguage\":\"en-US\",\"potentialAction\":[{\"@type\":\"ReadAction\",\"target\":[\"https:\\\/\\\/educatespilar.com\\\/primera-sintesis-pragmatismo-y-teoria\\\/\"]}]},{\"@type\":\"ImageObject\",\"inLanguage\":\"en-US\",\"@id\":\"https:\\\/\\\/educatespilar.com\\\/primera-sintesis-pragmatismo-y-teoria\\\/#primaryimage\",\"url\":\"https:\\\/\\\/i0.wp.com\\\/educatespilar.com\\\/wp-content\\\/uploads\\\/2025\\\/11\\\/numerology-concept-with-blackboard-scaled.jpg?fit=1707%2C2560&ssl=1\",\"contentUrl\":\"https:\\\/\\\/i0.wp.com\\\/educatespilar.com\\\/wp-content\\\/uploads\\\/2025\\\/11\\\/numerology-concept-with-blackboard-scaled.jpg?fit=1707%2C2560&ssl=1\",\"width\":1707,\"height\":2560},{\"@type\":\"BreadcrumbList\",\"@id\":\"https:\\\/\\\/educatespilar.com\\\/primera-sintesis-pragmatismo-y-teoria\\\/#breadcrumb\",\"itemListElement\":[{\"@type\":\"ListItem\",\"position\":1,\"name\":\"Home\",\"item\":\"https:\\\/\\\/educatespilar.com\\\/\"},{\"@type\":\"ListItem\",\"position\":2,\"name\":\"Primera s\u00edntesis: pragmatismo y teor\u00eda\"}]},{\"@type\":\"WebSite\",\"@id\":\"https:\\\/\\\/tzs.pgq.temporary.site\\\/website_c18d3ae6\\\/#website\",\"url\":\"https:\\\/\\\/tzs.pgq.temporary.site\\\/website_c18d3ae6\\\/\",\"name\":\"EducatesPilar.com\",\"description\":\"\",\"potentialAction\":[{\"@type\":\"SearchAction\",\"target\":{\"@type\":\"EntryPoint\",\"urlTemplate\":\"https:\\\/\\\/tzs.pgq.temporary.site\\\/website_c18d3ae6\\\/?s={search_term_string}\"},\"query-input\":{\"@type\":\"PropertyValueSpecification\",\"valueRequired\":true,\"valueName\":\"search_term_string\"}}],\"inLanguage\":\"en-US\"},{\"@type\":\"Person\",\"@id\":\"https:\\\/\\\/tzs.pgq.temporary.site\\\/website_c18d3ae6\\\/#\\\/schema\\\/person\\\/655446504db2a404e6921d90ab7c0a0f\",\"name\":\"educates\",\"image\":{\"@type\":\"ImageObject\",\"inLanguage\":\"en-US\",\"@id\":\"https:\\\/\\\/secure.gravatar.com\\\/avatar\\\/f1e844324149cf607705bdc3821ac52f5613382cc275e3a009bc73539c52a819?s=96&d=mm&r=g\",\"url\":\"https:\\\/\\\/secure.gravatar.com\\\/avatar\\\/f1e844324149cf607705bdc3821ac52f5613382cc275e3a009bc73539c52a819?s=96&d=mm&r=g\",\"contentUrl\":\"https:\\\/\\\/secure.gravatar.com\\\/avatar\\\/f1e844324149cf607705bdc3821ac52f5613382cc275e3a009bc73539c52a819?s=96&d=mm&r=g\",\"caption\":\"educates\"},\"url\":\"https:\\\/\\\/educatespilar.com\\\/en\\\/author\\\/educates\\\/\"}]}<\/script>\n<!-- \/ Yoast SEO plugin. -->","yoast_head_json":{"title":"Primera s\u00edntesis: pragmatismo y teor\u00eda - EducatesPilar.com","robots":{"index":"index","follow":"follow","max-snippet":"max-snippet:-1","max-image-preview":"max-image-preview:large","max-video-preview":"max-video-preview:-1"},"canonical":"https:\/\/educatespilar.com\/en\/primera-sintesis-pragmatismo-y-teoria\/","og_locale":"en_US","og_type":"article","og_title":"Primera s\u00edntesis: pragmatismo y teor\u00eda - EducatesPilar.com","og_description":"Jonn Dewey (1859-1952) fue un fil\u00f3sofo y pedagogo norteamericano que produjo una vasta obra te\u00f3rica en la que se ocup\u00f3 de todos los problemas m\u00e1s importantes planteados por la ciencia de la educaci\u00f3n en la \u00e9poca contempor\u00e1nea. Si bien vivi\u00f3 y sigui\u00f3 produciendo hasta 1952, nos hemos limitado a tomar algunos textos que, o pertenecen [&hellip;]","og_url":"https:\/\/educatespilar.com\/en\/primera-sintesis-pragmatismo-y-teoria\/","og_site_name":"EducatesPilar.com","article_published_time":"2025-11-24T07:51:46+00:00","article_modified_time":"2025-11-25T20:52:15+00:00","og_image":[{"width":1707,"height":2560,"url":"https:\/\/educatespilar.com\/wp-content\/uploads\/2025\/11\/numerology-concept-with-blackboard-scaled.jpg","type":"image\/jpeg"}],"author":"educates","twitter_card":"summary_large_image","twitter_misc":{"Written by":"educates","Est. reading time":"5 minutes"},"schema":{"@context":"https:\/\/schema.org","@graph":[{"@type":"Article","@id":"https:\/\/educatespilar.com\/primera-sintesis-pragmatismo-y-teoria\/#article","isPartOf":{"@id":"https:\/\/educatespilar.com\/primera-sintesis-pragmatismo-y-teoria\/"},"author":{"name":"educates","@id":"https:\/\/tzs.pgq.temporary.site\/website_c18d3ae6\/#\/schema\/person\/655446504db2a404e6921d90ab7c0a0f"},"headline":"Primera s\u00edntesis: pragmatismo y teor\u00eda","datePublished":"2025-11-24T07:51:46+00:00","dateModified":"2025-11-25T20:52:15+00:00","mainEntityOfPage":{"@id":"https:\/\/educatespilar.com\/primera-sintesis-pragmatismo-y-teoria\/"},"wordCount":996,"image":{"@id":"https:\/\/educatespilar.com\/primera-sintesis-pragmatismo-y-teoria\/#primaryimage"},"thumbnailUrl":"https:\/\/i0.wp.com\/educatespilar.com\/wp-content\/uploads\/2025\/11\/numerology-concept-with-blackboard-scaled.jpg?fit=1707%2C2560&ssl=1","keywords":["pragmatismo","teoria"],"articleSection":["Educaci\u00f3n"],"inLanguage":"en-US"},{"@type":"WebPage","@id":"https:\/\/educatespilar.com\/primera-sintesis-pragmatismo-y-teoria\/","url":"https:\/\/educatespilar.com\/primera-sintesis-pragmatismo-y-teoria\/","name":"Primera s\u00edntesis: pragmatismo y teor\u00eda - EducatesPilar.com","isPartOf":{"@id":"https:\/\/tzs.pgq.temporary.site\/website_c18d3ae6\/#website"},"primaryImageOfPage":{"@id":"https:\/\/educatespilar.com\/primera-sintesis-pragmatismo-y-teoria\/#primaryimage"},"image":{"@id":"https:\/\/educatespilar.com\/primera-sintesis-pragmatismo-y-teoria\/#primaryimage"},"thumbnailUrl":"https:\/\/i0.wp.com\/educatespilar.com\/wp-content\/uploads\/2025\/11\/numerology-concept-with-blackboard-scaled.jpg?fit=1707%2C2560&ssl=1","datePublished":"2025-11-24T07:51:46+00:00","dateModified":"2025-11-25T20:52:15+00:00","author":{"@id":"https:\/\/tzs.pgq.temporary.site\/website_c18d3ae6\/#\/schema\/person\/655446504db2a404e6921d90ab7c0a0f"},"breadcrumb":{"@id":"https:\/\/educatespilar.com\/primera-sintesis-pragmatismo-y-teoria\/#breadcrumb"},"inLanguage":"en-US","potentialAction":[{"@type":"ReadAction","target":["https:\/\/educatespilar.com\/primera-sintesis-pragmatismo-y-teoria\/"]}]},{"@type":"ImageObject","inLanguage":"en-US","@id":"https:\/\/educatespilar.com\/primera-sintesis-pragmatismo-y-teoria\/#primaryimage","url":"https:\/\/i0.wp.com\/educatespilar.com\/wp-content\/uploads\/2025\/11\/numerology-concept-with-blackboard-scaled.jpg?fit=1707%2C2560&ssl=1","contentUrl":"https:\/\/i0.wp.com\/educatespilar.com\/wp-content\/uploads\/2025\/11\/numerology-concept-with-blackboard-scaled.jpg?fit=1707%2C2560&ssl=1","width":1707,"height":2560},{"@type":"BreadcrumbList","@id":"https:\/\/educatespilar.com\/primera-sintesis-pragmatismo-y-teoria\/#breadcrumb","itemListElement":[{"@type":"ListItem","position":1,"name":"Home","item":"https:\/\/educatespilar.com\/"},{"@type":"ListItem","position":2,"name":"Primera s\u00edntesis: pragmatismo y teor\u00eda"}]},{"@type":"WebSite","@id":"https:\/\/tzs.pgq.temporary.site\/website_c18d3ae6\/#website","url":"https:\/\/tzs.pgq.temporary.site\/website_c18d3ae6\/","name":"EducatesPilar.com","description":"","potentialAction":[{"@type":"SearchAction","target":{"@type":"EntryPoint","urlTemplate":"https:\/\/tzs.pgq.temporary.site\/website_c18d3ae6\/?s={search_term_string}"},"query-input":{"@type":"PropertyValueSpecification","valueRequired":true,"valueName":"search_term_string"}}],"inLanguage":"en-US"},{"@type":"Person","@id":"https:\/\/tzs.pgq.temporary.site\/website_c18d3ae6\/#\/schema\/person\/655446504db2a404e6921d90ab7c0a0f","name":"educates","image":{"@type":"ImageObject","inLanguage":"en-US","@id":"https:\/\/secure.gravatar.com\/avatar\/f1e844324149cf607705bdc3821ac52f5613382cc275e3a009bc73539c52a819?s=96&d=mm&r=g","url":"https:\/\/secure.gravatar.com\/avatar\/f1e844324149cf607705bdc3821ac52f5613382cc275e3a009bc73539c52a819?s=96&d=mm&r=g","contentUrl":"https:\/\/secure.gravatar.com\/avatar\/f1e844324149cf607705bdc3821ac52f5613382cc275e3a009bc73539c52a819?s=96&d=mm&r=g","caption":"educates"},"url":"https:\/\/educatespilar.com\/en\/author\/educates\/"}]}},"jetpack_featured_media_url":"https:\/\/i0.wp.com\/educatespilar.com\/wp-content\/uploads\/2025\/11\/numerology-concept-with-blackboard-scaled.jpg?fit=1707%2C2560&ssl=1","jetpack_sharing_enabled":true,"_links":{"self":[{"href":"https:\/\/educatespilar.com\/en\/wp-json\/wp\/v2\/posts\/224","targetHints":{"allow":["GET"]}}],"collection":[{"href":"https:\/\/educatespilar.com\/en\/wp-json\/wp\/v2\/posts"}],"about":[{"href":"https:\/\/educatespilar.com\/en\/wp-json\/wp\/v2\/types\/post"}],"author":[{"embeddable":true,"href":"https:\/\/educatespilar.com\/en\/wp-json\/wp\/v2\/users\/2"}],"replies":[{"embeddable":true,"href":"https:\/\/educatespilar.com\/en\/wp-json\/wp\/v2\/comments?post=224"}],"version-history":[{"count":1,"href":"https:\/\/educatespilar.com\/en\/wp-json\/wp\/v2\/posts\/224\/revisions"}],"predecessor-version":[{"id":226,"href":"https:\/\/educatespilar.com\/en\/wp-json\/wp\/v2\/posts\/224\/revisions\/226"}],"wp:featuredmedia":[{"embeddable":true,"href":"https:\/\/educatespilar.com\/en\/wp-json\/wp\/v2\/media\/225"}],"wp:attachment":[{"href":"https:\/\/educatespilar.com\/en\/wp-json\/wp\/v2\/media?parent=224"}],"wp:term":[{"taxonomy":"category","embeddable":true,"href":"https:\/\/educatespilar.com\/en\/wp-json\/wp\/v2\/categories?post=224"},{"taxonomy":"post_tag","embeddable":true,"href":"https:\/\/educatespilar.com\/en\/wp-json\/wp\/v2\/tags?post=224"}],"curies":[{"name":"wp","href":"https:\/\/api.w.org\/{rel}","templated":true}]}}