{"id":215,"date":"2025-11-19T14:03:54","date_gmt":"2025-11-19T14:03:54","guid":{"rendered":"https:\/\/educatespilar.com\/?p=215"},"modified":"2025-11-17T14:04:25","modified_gmt":"2025-11-17T14:04:25","slug":"la-filosofia-como-fundamento-de-la-pedagogia","status":"publish","type":"post","link":"https:\/\/educatespilar.com\/en\/la-filosofia-como-fundamento-de-la-pedagogia\/","title":{"rendered":"La filosof\u00eda como fundamento de la Pedagog\u00eda"},"content":{"rendered":"<p><img data-recalc-dims=\"1\" decoding=\"async\" loading=\"lazy\" class=\"alignnone size-medium wp-image-217\" src=\"https:\/\/i0.wp.com\/educatespilar.com\/wp-content\/uploads\/2025\/11\/adolescente-pensando-mientras-hace-la-tarea-en-la-biblioteca.jpg?resize=300%2C300&#038;ssl=1\" alt=\"\" width=\"300\" height=\"300\" srcset=\"https:\/\/i0.wp.com\/educatespilar.com\/wp-content\/uploads\/2025\/11\/adolescente-pensando-mientras-hace-la-tarea-en-la-biblioteca-scaled.jpg?resize=300%2C300&amp;ssl=1 300w, https:\/\/i0.wp.com\/educatespilar.com\/wp-content\/uploads\/2025\/11\/adolescente-pensando-mientras-hace-la-tarea-en-la-biblioteca-scaled.jpg?resize=1024%2C1024&amp;ssl=1 1024w, https:\/\/i0.wp.com\/educatespilar.com\/wp-content\/uploads\/2025\/11\/adolescente-pensando-mientras-hace-la-tarea-en-la-biblioteca-scaled.jpg?resize=150%2C150&amp;ssl=1 150w, https:\/\/i0.wp.com\/educatespilar.com\/wp-content\/uploads\/2025\/11\/adolescente-pensando-mientras-hace-la-tarea-en-la-biblioteca-scaled.jpg?resize=768%2C768&amp;ssl=1 768w, https:\/\/i0.wp.com\/educatespilar.com\/wp-content\/uploads\/2025\/11\/adolescente-pensando-mientras-hace-la-tarea-en-la-biblioteca-scaled.jpg?resize=1536%2C1536&amp;ssl=1 1536w, https:\/\/i0.wp.com\/educatespilar.com\/wp-content\/uploads\/2025\/11\/adolescente-pensando-mientras-hace-la-tarea-en-la-biblioteca-scaled.jpg?resize=2048%2C2048&amp;ssl=1 2048w, https:\/\/i0.wp.com\/educatespilar.com\/wp-content\/uploads\/2025\/11\/adolescente-pensando-mientras-hace-la-tarea-en-la-biblioteca-scaled.jpg?resize=12%2C12&amp;ssl=1 12w\" sizes=\"auto, (max-width: 300px) 100vw, 300px\" \/><\/p>\n<p><span style=\"font-weight: 400;\">Seg\u00fan el resultado de la consideraci\u00f3n anterior, es innegable el fundamento idealista, y consiguientemente filos\u00f3fico de la Pedagog\u00eda. Y no se exige este fundamento meramente en una o en algunas ciencias filos\u00f3ficas, sino en toda la Filosof\u00eda, que representa, en general, una unidad indivisible. Seg\u00fan la opini\u00f3n aceptada com\u00fanmente desde Herbart, el fundamento teor\u00e9tico de la Pedagog\u00eda no se basar\u00eda sobre la Filosof\u00eda toda, sino sobre dos ciencias filos\u00f3ficas especiales: la \u00c9tica, que corresponde a la determinaci\u00f3n del objeto y fin, y la Psicolog\u00eda, que corresponde a la determinaci\u00f3n del camino y del medio.\u00a0<\/span><\/p>\n<p><span style=\"font-weight: 400;\">M\u00e1s por lo que a la primera respecta, resulta que la \u00c9tica da s\u00f3lo la legislaci\u00f3n de la voluntad; pero la educaci\u00f3n se extiende a todas las direcciones esenciales de la actividad an\u00edmica, no s\u00f3lo a la voluntad. Por tanto, el problema de la educaci\u00f3n no se puede determinar s\u00f3lo mediante la \u00c9tica, sino que a \u00e9l pertenece de igual modo la L\u00f3gica, como legislaci\u00f3n del pensar; la Est\u00e9tica, como legislaci\u00f3n de la libre fantas\u00eda creadora; la Filosof\u00eda de la religi\u00f3n, como cr\u00edtica de los fundamentos de las especiales consideraciones objetivas, elevadas por la conciencia religiosa. El problema de la formaci\u00f3n o de la educaci\u00f3n es el desarrollo arm\u00f3nico de la esencia an\u00edmica del hombre, seg\u00fan todas las direcciones esenciales; pero esta armon\u00eda exige asimismo una relativa independencia de los elementos unificadores en su relaci\u00f3n com\u00fan a un \u00faltimo centro; esto es, a la idea. En tanto que \u00e9sta encuentra su expresi\u00f3n pura y positivamente s\u00f3lo en la ley del querer, se halla bien fundada la representaci\u00f3n del fin moral, pero sin excluir de la determinaci\u00f3n del fin de la educaci\u00f3n los factores l\u00f3gico, est\u00e9tico y religioso.\u00a0<\/span><\/p>\n<p><span style=\"font-weight: 400;\">Por lo que respecta al camino de la educaci\u00f3n, las actividades del pensar y de la fantas\u00eda libre son dependientes en absoluto, como actividades en general, de la voluntad; pero se someten al mismo tiempo, seg\u00fan su clase especial, a leyes propias, que no se derivan de la voluntad. Educar quiere decir, ciertamente, \u00abhacer voluntad\u00bb (Wollenmachen), y esto se extiende tambi\u00e9n a la educaci\u00f3n del pensar y a la facultad est\u00e9tica; pero la voluntad sola y como tal no fundamenta la rectitud de la inteligencia y la formaci\u00f3n est\u00e9tica, sino que la recta orientaci\u00f3n de estas actividades exige una clase adecuada de direcci\u00f3n que no es meramente direcci\u00f3n de la voluntad.\u00a0<\/span><\/p>\n<p><span style=\"font-weight: 400;\">Adem\u00e1s, la formaci\u00f3n religiosa no depende s\u00f3lo de la formaci\u00f3n de la voluntad. Por otro lado, todas las llamadas especialidades de la conciencia deben tener, en absoluto, en el \u00faltimo punto de direcci\u00f3n de toda conciencia, esto es, en la idea, una relaci\u00f3n interior fundada originariamente en su propia legalidad. Pero precisamente esto desaparece en Herbart. Pues mientras \u00e9l acent\u00faa exclusivamente, por un lado, en la determinaci\u00f3n del fin de la educaci\u00f3n, el aspecto moral y, por tanto, la formaci\u00f3n de la voluntad, no reconoce, por otro lado, en la determinaci\u00f3n del camino de la educaci\u00f3n, la voluntad como un factor propio y originario de la conciencia en general, sino que la considera como una resultante de los movimientos mec\u00e1nicos de las representaciones\u00bb.\u00a0<\/span><\/p>\n<p><span style=\"font-weight: 400;\">Asi aparece el \u00abfin\u00bb meramente como un punto final del camino y no como principio al mismo tiempo, el cual determina el camino de la formaci\u00f3n humana desde el comienzo, seg\u00fan su direcci\u00f3n interior; pero con esto amenaza perder la formaci\u00f3n su car\u00e1cter de propia actividad (espontaneidad), que hace que se la considere como des arrollo interior, no como resultado meramente mec\u00e1nico de una direcci\u00f3n exterior.<\/span><\/p>","protected":false},"excerpt":{"rendered":"<p>Seg\u00fan el resultado de la consideraci\u00f3n anterior, es innegable el fundamento idealista, y consiguientemente filos\u00f3fico de la Pedagog\u00eda. Y no se exige este fundamento meramente en una o en algunas ciencias filos\u00f3ficas, sino en toda la Filosof\u00eda, que representa, en general, una unidad indivisible. Seg\u00fan la opini\u00f3n aceptada com\u00fanmente desde Herbart, el fundamento teor\u00e9tico de [&hellip;]<\/p>\n","protected":false},"author":2,"featured_media":217,"comment_status":"closed","ping_status":"closed","sticky":false,"template":"","format":"standard","meta":{"nf_dc_page":"","_jetpack_memberships_contains_paid_content":false,"footnotes":""},"categories":[9],"tags":[85,86],"class_list":["post-215","post","type-post","status-publish","format-standard","has-post-thumbnail","hentry","category-educacion","tag-folisofia","tag-pedagofia"],"yoast_head":"<!-- This site is optimized with the Yoast SEO plugin v27.4 - https:\/\/yoast.com\/product\/yoast-seo-wordpress\/ -->\n<title>La filosof\u00eda como fundamento de la Pedagog\u00eda - EducatesPilar.com<\/title>\n<meta name=\"robots\" content=\"index, follow, max-snippet:-1, max-image-preview:large, max-video-preview:-1\" \/>\n<link rel=\"canonical\" href=\"https:\/\/educatespilar.com\/en\/la-filosofia-como-fundamento-de-la-pedagogia\/\" \/>\n<meta property=\"og:locale\" content=\"en_US\" \/>\n<meta property=\"og:type\" content=\"article\" \/>\n<meta property=\"og:title\" content=\"La filosof\u00eda como fundamento de la Pedagog\u00eda - EducatesPilar.com\" \/>\n<meta property=\"og:description\" content=\"Seg\u00fan el resultado de la consideraci\u00f3n anterior, es innegable el fundamento idealista, y consiguientemente filos\u00f3fico de la Pedagog\u00eda. Y no se exige este fundamento meramente en una o en algunas ciencias filos\u00f3ficas, sino en toda la Filosof\u00eda, que representa, en general, una unidad indivisible. Seg\u00fan la opini\u00f3n aceptada com\u00fanmente desde Herbart, el fundamento teor\u00e9tico de [&hellip;]\" \/>\n<meta property=\"og:url\" content=\"https:\/\/educatespilar.com\/en\/la-filosofia-como-fundamento-de-la-pedagogia\/\" \/>\n<meta property=\"og:site_name\" content=\"EducatesPilar.com\" \/>\n<meta property=\"article:published_time\" content=\"2025-11-19T14:03:54+00:00\" \/>\n<meta property=\"og:image\" content=\"https:\/\/i0.wp.com\/educatespilar.com\/wp-content\/uploads\/2025\/11\/adolescente-pensando-mientras-hace-la-tarea-en-la-biblioteca-scaled.jpg?fit=2560%2C2560&ssl=1\" \/>\n\t<meta property=\"og:image:width\" content=\"2560\" \/>\n\t<meta property=\"og:image:height\" content=\"2560\" \/>\n\t<meta property=\"og:image:type\" content=\"image\/jpeg\" \/>\n<meta name=\"author\" content=\"educates\" \/>\n<meta name=\"twitter:card\" content=\"summary_large_image\" \/>\n<meta name=\"twitter:label1\" content=\"Written by\" \/>\n\t<meta name=\"twitter:data1\" content=\"educates\" \/>\n\t<meta name=\"twitter:label2\" content=\"Est. reading time\" \/>\n\t<meta name=\"twitter:data2\" content=\"3 minutes\" \/>\n<script type=\"application\/ld+json\" class=\"yoast-schema-graph\">{\"@context\":\"https:\\\/\\\/schema.org\",\"@graph\":[{\"@type\":\"Article\",\"@id\":\"https:\\\/\\\/educatespilar.com\\\/la-filosofia-como-fundamento-de-la-pedagogia\\\/#article\",\"isPartOf\":{\"@id\":\"https:\\\/\\\/educatespilar.com\\\/la-filosofia-como-fundamento-de-la-pedagogia\\\/\"},\"author\":{\"name\":\"educates\",\"@id\":\"https:\\\/\\\/tzs.pgq.temporary.site\\\/website_c18d3ae6\\\/#\\\/schema\\\/person\\\/655446504db2a404e6921d90ab7c0a0f\"},\"headline\":\"La filosof\u00eda como fundamento de la Pedagog\u00eda\",\"datePublished\":\"2025-11-19T14:03:54+00:00\",\"mainEntityOfPage\":{\"@id\":\"https:\\\/\\\/educatespilar.com\\\/la-filosofia-como-fundamento-de-la-pedagogia\\\/\"},\"wordCount\":669,\"image\":{\"@id\":\"https:\\\/\\\/educatespilar.com\\\/la-filosofia-como-fundamento-de-la-pedagogia\\\/#primaryimage\"},\"thumbnailUrl\":\"https:\\\/\\\/i0.wp.com\\\/educatespilar.com\\\/wp-content\\\/uploads\\\/2025\\\/11\\\/adolescente-pensando-mientras-hace-la-tarea-en-la-biblioteca-scaled.jpg?fit=2560%2C2560&ssl=1\",\"keywords\":[\"folisofia\",\"pedagofia\"],\"articleSection\":[\"Educaci\u00f3n\"],\"inLanguage\":\"en-US\"},{\"@type\":\"WebPage\",\"@id\":\"https:\\\/\\\/educatespilar.com\\\/la-filosofia-como-fundamento-de-la-pedagogia\\\/\",\"url\":\"https:\\\/\\\/educatespilar.com\\\/la-filosofia-como-fundamento-de-la-pedagogia\\\/\",\"name\":\"La filosof\u00eda como fundamento de la Pedagog\u00eda - EducatesPilar.com\",\"isPartOf\":{\"@id\":\"https:\\\/\\\/tzs.pgq.temporary.site\\\/website_c18d3ae6\\\/#website\"},\"primaryImageOfPage\":{\"@id\":\"https:\\\/\\\/educatespilar.com\\\/la-filosofia-como-fundamento-de-la-pedagogia\\\/#primaryimage\"},\"image\":{\"@id\":\"https:\\\/\\\/educatespilar.com\\\/la-filosofia-como-fundamento-de-la-pedagogia\\\/#primaryimage\"},\"thumbnailUrl\":\"https:\\\/\\\/i0.wp.com\\\/educatespilar.com\\\/wp-content\\\/uploads\\\/2025\\\/11\\\/adolescente-pensando-mientras-hace-la-tarea-en-la-biblioteca-scaled.jpg?fit=2560%2C2560&ssl=1\",\"datePublished\":\"2025-11-19T14:03:54+00:00\",\"author\":{\"@id\":\"https:\\\/\\\/tzs.pgq.temporary.site\\\/website_c18d3ae6\\\/#\\\/schema\\\/person\\\/655446504db2a404e6921d90ab7c0a0f\"},\"breadcrumb\":{\"@id\":\"https:\\\/\\\/educatespilar.com\\\/la-filosofia-como-fundamento-de-la-pedagogia\\\/#breadcrumb\"},\"inLanguage\":\"en-US\",\"potentialAction\":[{\"@type\":\"ReadAction\",\"target\":[\"https:\\\/\\\/educatespilar.com\\\/la-filosofia-como-fundamento-de-la-pedagogia\\\/\"]}]},{\"@type\":\"ImageObject\",\"inLanguage\":\"en-US\",\"@id\":\"https:\\\/\\\/educatespilar.com\\\/la-filosofia-como-fundamento-de-la-pedagogia\\\/#primaryimage\",\"url\":\"https:\\\/\\\/i0.wp.com\\\/educatespilar.com\\\/wp-content\\\/uploads\\\/2025\\\/11\\\/adolescente-pensando-mientras-hace-la-tarea-en-la-biblioteca-scaled.jpg?fit=2560%2C2560&ssl=1\",\"contentUrl\":\"https:\\\/\\\/i0.wp.com\\\/educatespilar.com\\\/wp-content\\\/uploads\\\/2025\\\/11\\\/adolescente-pensando-mientras-hace-la-tarea-en-la-biblioteca-scaled.jpg?fit=2560%2C2560&ssl=1\",\"width\":2560,\"height\":2560},{\"@type\":\"BreadcrumbList\",\"@id\":\"https:\\\/\\\/educatespilar.com\\\/la-filosofia-como-fundamento-de-la-pedagogia\\\/#breadcrumb\",\"itemListElement\":[{\"@type\":\"ListItem\",\"position\":1,\"name\":\"Home\",\"item\":\"https:\\\/\\\/educatespilar.com\\\/\"},{\"@type\":\"ListItem\",\"position\":2,\"name\":\"La filosof\u00eda como fundamento de la Pedagog\u00eda\"}]},{\"@type\":\"WebSite\",\"@id\":\"https:\\\/\\\/tzs.pgq.temporary.site\\\/website_c18d3ae6\\\/#website\",\"url\":\"https:\\\/\\\/tzs.pgq.temporary.site\\\/website_c18d3ae6\\\/\",\"name\":\"EducatesPilar.com\",\"description\":\"\",\"potentialAction\":[{\"@type\":\"SearchAction\",\"target\":{\"@type\":\"EntryPoint\",\"urlTemplate\":\"https:\\\/\\\/tzs.pgq.temporary.site\\\/website_c18d3ae6\\\/?s={search_term_string}\"},\"query-input\":{\"@type\":\"PropertyValueSpecification\",\"valueRequired\":true,\"valueName\":\"search_term_string\"}}],\"inLanguage\":\"en-US\"},{\"@type\":\"Person\",\"@id\":\"https:\\\/\\\/tzs.pgq.temporary.site\\\/website_c18d3ae6\\\/#\\\/schema\\\/person\\\/655446504db2a404e6921d90ab7c0a0f\",\"name\":\"educates\",\"image\":{\"@type\":\"ImageObject\",\"inLanguage\":\"en-US\",\"@id\":\"https:\\\/\\\/secure.gravatar.com\\\/avatar\\\/f1e844324149cf607705bdc3821ac52f5613382cc275e3a009bc73539c52a819?s=96&d=mm&r=g\",\"url\":\"https:\\\/\\\/secure.gravatar.com\\\/avatar\\\/f1e844324149cf607705bdc3821ac52f5613382cc275e3a009bc73539c52a819?s=96&d=mm&r=g\",\"contentUrl\":\"https:\\\/\\\/secure.gravatar.com\\\/avatar\\\/f1e844324149cf607705bdc3821ac52f5613382cc275e3a009bc73539c52a819?s=96&d=mm&r=g\",\"caption\":\"educates\"},\"url\":\"https:\\\/\\\/educatespilar.com\\\/en\\\/author\\\/educates\\\/\"}]}<\/script>\n<!-- \/ Yoast SEO plugin. -->","yoast_head_json":{"title":"La filosof\u00eda como fundamento de la Pedagog\u00eda - EducatesPilar.com","robots":{"index":"index","follow":"follow","max-snippet":"max-snippet:-1","max-image-preview":"max-image-preview:large","max-video-preview":"max-video-preview:-1"},"canonical":"https:\/\/educatespilar.com\/en\/la-filosofia-como-fundamento-de-la-pedagogia\/","og_locale":"en_US","og_type":"article","og_title":"La filosof\u00eda como fundamento de la Pedagog\u00eda - EducatesPilar.com","og_description":"Seg\u00fan el resultado de la consideraci\u00f3n anterior, es innegable el fundamento idealista, y consiguientemente filos\u00f3fico de la Pedagog\u00eda. Y no se exige este fundamento meramente en una o en algunas ciencias filos\u00f3ficas, sino en toda la Filosof\u00eda, que representa, en general, una unidad indivisible. Seg\u00fan la opini\u00f3n aceptada com\u00fanmente desde Herbart, el fundamento teor\u00e9tico de [&hellip;]","og_url":"https:\/\/educatespilar.com\/en\/la-filosofia-como-fundamento-de-la-pedagogia\/","og_site_name":"EducatesPilar.com","article_published_time":"2025-11-19T14:03:54+00:00","og_image":[{"width":2560,"height":2560,"url":"https:\/\/i0.wp.com\/educatespilar.com\/wp-content\/uploads\/2025\/11\/adolescente-pensando-mientras-hace-la-tarea-en-la-biblioteca-scaled.jpg?fit=2560%2C2560&ssl=1","type":"image\/jpeg"}],"author":"educates","twitter_card":"summary_large_image","twitter_misc":{"Written by":"educates","Est. reading time":"3 minutes"},"schema":{"@context":"https:\/\/schema.org","@graph":[{"@type":"Article","@id":"https:\/\/educatespilar.com\/la-filosofia-como-fundamento-de-la-pedagogia\/#article","isPartOf":{"@id":"https:\/\/educatespilar.com\/la-filosofia-como-fundamento-de-la-pedagogia\/"},"author":{"name":"educates","@id":"https:\/\/tzs.pgq.temporary.site\/website_c18d3ae6\/#\/schema\/person\/655446504db2a404e6921d90ab7c0a0f"},"headline":"La filosof\u00eda como fundamento de la Pedagog\u00eda","datePublished":"2025-11-19T14:03:54+00:00","mainEntityOfPage":{"@id":"https:\/\/educatespilar.com\/la-filosofia-como-fundamento-de-la-pedagogia\/"},"wordCount":669,"image":{"@id":"https:\/\/educatespilar.com\/la-filosofia-como-fundamento-de-la-pedagogia\/#primaryimage"},"thumbnailUrl":"https:\/\/i0.wp.com\/educatespilar.com\/wp-content\/uploads\/2025\/11\/adolescente-pensando-mientras-hace-la-tarea-en-la-biblioteca-scaled.jpg?fit=2560%2C2560&ssl=1","keywords":["folisofia","pedagofia"],"articleSection":["Educaci\u00f3n"],"inLanguage":"en-US"},{"@type":"WebPage","@id":"https:\/\/educatespilar.com\/la-filosofia-como-fundamento-de-la-pedagogia\/","url":"https:\/\/educatespilar.com\/la-filosofia-como-fundamento-de-la-pedagogia\/","name":"La filosof\u00eda como fundamento de la Pedagog\u00eda - EducatesPilar.com","isPartOf":{"@id":"https:\/\/tzs.pgq.temporary.site\/website_c18d3ae6\/#website"},"primaryImageOfPage":{"@id":"https:\/\/educatespilar.com\/la-filosofia-como-fundamento-de-la-pedagogia\/#primaryimage"},"image":{"@id":"https:\/\/educatespilar.com\/la-filosofia-como-fundamento-de-la-pedagogia\/#primaryimage"},"thumbnailUrl":"https:\/\/i0.wp.com\/educatespilar.com\/wp-content\/uploads\/2025\/11\/adolescente-pensando-mientras-hace-la-tarea-en-la-biblioteca-scaled.jpg?fit=2560%2C2560&ssl=1","datePublished":"2025-11-19T14:03:54+00:00","author":{"@id":"https:\/\/tzs.pgq.temporary.site\/website_c18d3ae6\/#\/schema\/person\/655446504db2a404e6921d90ab7c0a0f"},"breadcrumb":{"@id":"https:\/\/educatespilar.com\/la-filosofia-como-fundamento-de-la-pedagogia\/#breadcrumb"},"inLanguage":"en-US","potentialAction":[{"@type":"ReadAction","target":["https:\/\/educatespilar.com\/la-filosofia-como-fundamento-de-la-pedagogia\/"]}]},{"@type":"ImageObject","inLanguage":"en-US","@id":"https:\/\/educatespilar.com\/la-filosofia-como-fundamento-de-la-pedagogia\/#primaryimage","url":"https:\/\/i0.wp.com\/educatespilar.com\/wp-content\/uploads\/2025\/11\/adolescente-pensando-mientras-hace-la-tarea-en-la-biblioteca-scaled.jpg?fit=2560%2C2560&ssl=1","contentUrl":"https:\/\/i0.wp.com\/educatespilar.com\/wp-content\/uploads\/2025\/11\/adolescente-pensando-mientras-hace-la-tarea-en-la-biblioteca-scaled.jpg?fit=2560%2C2560&ssl=1","width":2560,"height":2560},{"@type":"BreadcrumbList","@id":"https:\/\/educatespilar.com\/la-filosofia-como-fundamento-de-la-pedagogia\/#breadcrumb","itemListElement":[{"@type":"ListItem","position":1,"name":"Home","item":"https:\/\/educatespilar.com\/"},{"@type":"ListItem","position":2,"name":"La filosof\u00eda como fundamento de la Pedagog\u00eda"}]},{"@type":"WebSite","@id":"https:\/\/tzs.pgq.temporary.site\/website_c18d3ae6\/#website","url":"https:\/\/tzs.pgq.temporary.site\/website_c18d3ae6\/","name":"EducatesPilar.com","description":"","potentialAction":[{"@type":"SearchAction","target":{"@type":"EntryPoint","urlTemplate":"https:\/\/tzs.pgq.temporary.site\/website_c18d3ae6\/?s={search_term_string}"},"query-input":{"@type":"PropertyValueSpecification","valueRequired":true,"valueName":"search_term_string"}}],"inLanguage":"en-US"},{"@type":"Person","@id":"https:\/\/tzs.pgq.temporary.site\/website_c18d3ae6\/#\/schema\/person\/655446504db2a404e6921d90ab7c0a0f","name":"educates","image":{"@type":"ImageObject","inLanguage":"en-US","@id":"https:\/\/secure.gravatar.com\/avatar\/f1e844324149cf607705bdc3821ac52f5613382cc275e3a009bc73539c52a819?s=96&d=mm&r=g","url":"https:\/\/secure.gravatar.com\/avatar\/f1e844324149cf607705bdc3821ac52f5613382cc275e3a009bc73539c52a819?s=96&d=mm&r=g","contentUrl":"https:\/\/secure.gravatar.com\/avatar\/f1e844324149cf607705bdc3821ac52f5613382cc275e3a009bc73539c52a819?s=96&d=mm&r=g","caption":"educates"},"url":"https:\/\/educatespilar.com\/en\/author\/educates\/"}]}},"jetpack_featured_media_url":"https:\/\/i0.wp.com\/educatespilar.com\/wp-content\/uploads\/2025\/11\/adolescente-pensando-mientras-hace-la-tarea-en-la-biblioteca-scaled.jpg?fit=2560%2C2560&ssl=1","jetpack_sharing_enabled":true,"_links":{"self":[{"href":"https:\/\/educatespilar.com\/en\/wp-json\/wp\/v2\/posts\/215","targetHints":{"allow":["GET"]}}],"collection":[{"href":"https:\/\/educatespilar.com\/en\/wp-json\/wp\/v2\/posts"}],"about":[{"href":"https:\/\/educatespilar.com\/en\/wp-json\/wp\/v2\/types\/post"}],"author":[{"embeddable":true,"href":"https:\/\/educatespilar.com\/en\/wp-json\/wp\/v2\/users\/2"}],"replies":[{"embeddable":true,"href":"https:\/\/educatespilar.com\/en\/wp-json\/wp\/v2\/comments?post=215"}],"version-history":[{"count":1,"href":"https:\/\/educatespilar.com\/en\/wp-json\/wp\/v2\/posts\/215\/revisions"}],"predecessor-version":[{"id":218,"href":"https:\/\/educatespilar.com\/en\/wp-json\/wp\/v2\/posts\/215\/revisions\/218"}],"wp:featuredmedia":[{"embeddable":true,"href":"https:\/\/educatespilar.com\/en\/wp-json\/wp\/v2\/media\/217"}],"wp:attachment":[{"href":"https:\/\/educatespilar.com\/en\/wp-json\/wp\/v2\/media?parent=215"}],"wp:term":[{"taxonomy":"category","embeddable":true,"href":"https:\/\/educatespilar.com\/en\/wp-json\/wp\/v2\/categories?post=215"},{"taxonomy":"post_tag","embeddable":true,"href":"https:\/\/educatespilar.com\/en\/wp-json\/wp\/v2\/tags?post=215"}],"curies":[{"name":"wp","href":"https:\/\/api.w.org\/{rel}","templated":true}]}}