{"id":189,"date":"2025-11-06T00:18:50","date_gmt":"2025-11-06T00:18:50","guid":{"rendered":"https:\/\/educatespilar.com\/?p=189"},"modified":"2025-11-12T00:19:19","modified_gmt":"2025-11-12T00:19:19","slug":"el-movimiento-de-las-escuelas-nuevas","status":"publish","type":"post","link":"https:\/\/educatespilar.com\/en\/el-movimiento-de-las-escuelas-nuevas\/","title":{"rendered":"El movimiento de las escuelas nuevas"},"content":{"rendered":"<p><img data-recalc-dims=\"1\" decoding=\"async\" loading=\"lazy\" class=\"alignnone size-medium wp-image-190\" src=\"https:\/\/i0.wp.com\/educatespilar.com\/wp-content\/uploads\/2025\/11\/ninos-volviendo-juntos-la-escuela-300x200.jpg?resize=300%2C200&#038;ssl=1\" alt=\"\" width=\"300\" height=\"200\" srcset=\"https:\/\/i0.wp.com\/educatespilar.com\/wp-content\/uploads\/2025\/11\/ninos-volviendo-juntos-la-escuela-scaled.jpg?resize=300%2C200&amp;ssl=1 300w, https:\/\/i0.wp.com\/educatespilar.com\/wp-content\/uploads\/2025\/11\/ninos-volviendo-juntos-la-escuela-scaled.jpg?resize=1024%2C683&amp;ssl=1 1024w, https:\/\/i0.wp.com\/educatespilar.com\/wp-content\/uploads\/2025\/11\/ninos-volviendo-juntos-la-escuela-scaled.jpg?resize=768%2C512&amp;ssl=1 768w, https:\/\/i0.wp.com\/educatespilar.com\/wp-content\/uploads\/2025\/11\/ninos-volviendo-juntos-la-escuela-scaled.jpg?resize=1536%2C1024&amp;ssl=1 1536w, https:\/\/i0.wp.com\/educatespilar.com\/wp-content\/uploads\/2025\/11\/ninos-volviendo-juntos-la-escuela-scaled.jpg?resize=2048%2C1365&amp;ssl=1 2048w, https:\/\/i0.wp.com\/educatespilar.com\/wp-content\/uploads\/2025\/11\/ninos-volviendo-juntos-la-escuela-scaled.jpg?resize=18%2C12&amp;ssl=1 18w\" sizes=\"auto, (max-width: 300px) 100vw, 300px\" \/><\/p>\n<p><span style=\"font-weight: 400;\">Pero es importante se\u00f1alar esta homogeneidad, por cuanto a fines del siglo XIX surge un movimiento pedag\u00f3gico, conocido como el movimiento de las &#8220;escuelas nuevas&#8221; que, a primera vista, pone en cuesti\u00f3n la legitimidad y los fundamentos cient\u00edficos de la escuela &#8220;tradicional&#8221;, que es ya, en ese momento, la escuela burguesa. Con el nombre del &#8220;movimiento de las escuelas nuevas&#8217; o de la \u201ceducaci\u00f3n nueva&#8221;, conocemos hoy un vasto conjunto de iniciativas pedag\u00f3gicas surgidas en los pa\u00edses europeos y en Estados Unidos, que no discut\u00edan la cuesti\u00f3n educativa desde el punto de vista de la eficacia que el sistema vigente pod\u00eda garantizar en el contexto de sus fines sociales, es decir, como aparato de transmisi\u00f3n, imposici\u00f3n y reproducci\u00f3n de la ideolog\u00eda burguesa, sino en lo relativo a la eficacia de la metodolog\u00eda y las t\u00e9cnicas aplicadas en la escuela, y a la coherencia de \u00e9stas con los nuevos descubrimientos en el terreno de la teor\u00eda del aprendizaje, de la psicolog\u00eda infantil y de las ciencias sociales en general.\u00a0<\/span><\/p>\n<p><span style=\"font-weight: 400;\">Desde luego, el movimiento de la educaci\u00f3n nueva no carec\u00eda de fundamentos filos\u00f3ficos -como ya indicamos al hablar de la obra de Dewey pero \u00e9stos no trascend\u00edan el horizonte de la ideolog\u00eda burguesa, aunque se presentaban bajo un ropaje m\u00e1s liberal, e inclusive ut\u00f3pico. Aun as\u00ed, el objetivo primordial del movimiento no dejaba de responder a las nuevas necesidades que impon\u00eda la expansi\u00f3n econ\u00f3mica y militar en el mundo y la incesante revoluci\u00f3n de los instrumentos de producci\u00f3n que es condici\u00f3n necesaria de existencia para la burgues\u00eda.<\/span><\/p>\n<p><span style=\"font-weight: 400;\">En efecto, poner al servicio de la formaci\u00f3n de los cuadros dirigentes (t\u00e9cnicos y burocr\u00e1ticos) de la sociedad burguesa los conocimientos cient\u00edficos y t\u00e9cnicos adquiridos gracias al desarrollo de las fuerzas productivas: he ah\u00ed una tarea ineludible que la burgues\u00eda exig\u00eda de sus intelectuales org\u00e1nicos en general, y de los pedagogos en particular. De todos modos, \u00e9sta no era una tarea tan urgente, si se tienen en cuenta los innumerables obst\u00e1culos y las violentas conmociones que sacud\u00edan el ordenamiento social instaurado por la burguesa en su marcha ascendente, y de ah\u00ed que el movimiento se circunscribiera a iniciativas personales o de grupos de investigadores, que su puesta en pr\u00e1ctica quedara restringida a un n\u00famero reducido de establecimientos, e, inclusive, que se institucionalizara como movimiento &#8220;cient\u00edfico&#8221;, sin consecuencias visibles en el terreno de la pol\u00edtica educativa. Cuando afect\u00f3 a la pol\u00edtica educativa, este impacto se limit\u00f3 a la renovaci\u00f3n parcial de los objetivos en aspectos muy determinados de la metodolog\u00eda de la ense\u00f1anza, pero dichos objetivos apenas fueron tenidos en cuenta en la pr\u00e1ctica.<\/span><\/p>\n<p><span style=\"font-weight: 400;\">El movimiento no se limit\u00f3 a acu\u00f1ar teor\u00edas, sino que procur\u00f3 aplicarlas experimentalmente. As\u00ed nacieron, en Inglaterra, la escuela de Abbottsholme, dirigida por Cecil Reddie (1889) y la de Bedales, dirigida por Badley (1893). En 1898, en Alemania, Herman Litz cre\u00f3 los Hogares de Educaci\u00f3n en la Campa\u00f1a, y en 1899, Demolins inauguraba en Francia la Escuela de las Rocas. Confirmando la vinculaci\u00f3n estrecha entre teor\u00eda y pr\u00e1ctica, en la pedagog\u00eda, John Dewey, que hab\u00eda abierto una escuela de ensayo en Chicago, en 1896, la Escuela Primaria Universitaria, public\u00f3 en 1899 su libro School and Society. Y Mar\u00eda Montessori, quien hab\u00eda desarrollado los principios pedag\u00f3gicos de un m\u00e9todo de autoeducaci\u00f3n en su obra Pedagogie Scientifique, los aplic\u00f3 en la Casa del Bambini que cre\u00f3 en Roma, en 1904.\u00a0<\/span><\/p>\n<p><span style=\"font-weight: 400;\">Los m\u00e9todos de la Arbeitschule (literalmente \u201cescuela del trabajo&#8221;, popularizada por la traducci\u00f3n francesa como \u201cescuela activa\u201d) fueron introducidos en algunas escuelas p\u00fablicas de Munich por Georg Kerschensteiner, quien public\u00f3 los resultados fundamentales de su experiencia en 1912.Entre 1900 y 1918, en fin, se produjo un verdadero auge en la creaci\u00f3n y publicaci\u00f3n de \u201cm\u00e9todos activos&#8221; llamados as\u00ed porque la actividad del educando, en las escuelas nuevas, hab\u00eda pasado a ser el centro de toda la acci\u00f3n educadora, a diferencia de la escuela &#8220;tradicional&#8221;, que s\u00f3lo requer\u00eda del ni\u00f1o la aceptaci\u00f3n pasiva y la incorporaci\u00f3n intelectualista y enciclop\u00e9dica de cuanto se le transmit\u00eda. Se conocieron as\u00ed, adem\u00e1s de los de Montessori y Kerschensteiner, los m\u00e9todos de Olvide Decroly, el Plan Dalton elaborado por Helen Parkhurst, el sistema de Winnetka propuesto por Washburne, y el m\u00e9todo de proyectos de Kilpatrick. Diferenciando la &#8220;educaci\u00f3n nueva&#8221; de la &#8220;educaci\u00f3n tradicional&#8221;, John Dewey escribi\u00f3, en Experiencia y Educaci\u00f3n: &#8220;Si tratamos de formular la filosof\u00eda de la educaci\u00f3n impl\u00edcita en las pr\u00e1cticas de la educaci\u00f3n m\u00e1s nueva, podemos, creo. descubrir ciertos principios comunes entre la diversidad de escuelas progresivas ahora existentes. A la imposici\u00f3n desde arriba se opone la expresi\u00f3n y cultivo de la individualidad; a la disciplina interna se opone la actividad libre; al aprender de textos y maestros, el aprender mediante la experiencia; a la adquisici\u00f3n de destrezas y t\u00e9cnicas aisladas por adiestramiento se opone la adquisici\u00f3n de aquellas como medio de alcanzar fines que interesan directa y vitelmente; a la preparaci\u00f3n para un futuro m\u00e1s o menos remoto se opone la m\u00e1xima utilizaci\u00f3n de las oportunidades de la vida presente; a los fines y materiales est\u00e1ticos se opone el conocimiento de un mundo sometido a cambio&#8221;.<\/span><\/p>\n<p><span style=\"font-weight: 400;\">El movimiento se institucionaliz\u00f3 en 1899, a trav\u00e9s de la Oficina Internacional de las Escuelas Nuevas, creada a instancias de Adolphe Ferri\u00e8re. La Oficina se propon\u00eda establecer la lista de las escuelas nuevas, promover la uni\u00f3n entre ellas, recogiendo y difundiendo los resultados obtenidos; favorecer el perfeccionamiento de los m\u00e9todos y organizar la propaganda en favor de la educaci\u00f3n nueva; editar una revista de informes y obrar ante los diferentes gobiernos para lograr el progreso de la legislaci\u00f3n.\u00a0<\/span><\/p>\n<p><span style=\"font-weight: 400;\">En 1912, la Oficina produjo una definici\u00f3n exacta de lo que pod\u00eda considerarse como una escuela nueva: &#8220;La escuela nueva es un inter-nado familiar situado en la campi\u00f1a, donde la experiencia personal del ni\u00f1o forma la base de la educaci\u00f3n intelectual, con ayuda de los trabajos manuales (escuelas de trabajo),y de la educaci\u00f3n moral, mediante la pr\u00e1ctica de la autonom\u00eda de los escolares (selfgovernment)&#8221;; Asimismo, se enunciaron treinta condiciones, que se toman en cuenta como criterios para determinar si una escuela puede ser calificada como escuela nueva; la Oficina estableci\u00f3 la obligaci\u00f3n de reunir por lo menos dos tercios de esas condiciones.\u00a0<\/span><\/p>\n<p><span style=\"font-weight: 400;\">En 1921, se fund\u00f3 la Liga Internacional de Educaci\u00f3n Nueva, que comenz\u00f3 a organizar peri\u00f3dicamente congresos sobre la actividad. La investigaci\u00f3n psicol\u00f3gica conquist\u00f3 definitivamente un lugar privilegiado en la fundamentaci\u00f3n de la educaci\u00f3n nueva. Dado que \u00e9ste es un tema vast\u00edsimo, y no entra dentro de los l\u00edmites que le hemos puesto a este trabajo, nos limitaremos a se\u00f1alar solamente que, desde que se inici\u00f3 el movimiento de la educaci\u00f3n nueva, la contribuci\u00f3n de la psicolog\u00eda fue decisiva, entre otras razones, por su aporte a la renovaci\u00f3n de las perspectivas metodol\u00f3gicas de la actividad educativa.\u00a0<\/span><\/p>","protected":false},"excerpt":{"rendered":"<p>Pero es importante se\u00f1alar esta homogeneidad, por cuanto a fines del siglo XIX surge un movimiento pedag\u00f3gico, conocido como el movimiento de las &#8220;escuelas nuevas&#8221; que, a primera vista, pone en cuesti\u00f3n la legitimidad y los fundamentos cient\u00edficos de la escuela &#8220;tradicional&#8221;, que es ya, en ese momento, la escuela burguesa. Con el nombre del [&hellip;]<\/p>\n","protected":false},"author":2,"featured_media":190,"comment_status":"closed","ping_status":"closed","sticky":false,"template":"","format":"standard","meta":{"nf_dc_page":"","_jetpack_memberships_contains_paid_content":false,"footnotes":""},"categories":[9],"tags":[79],"class_list":["post-189","post","type-post","status-publish","format-standard","has-post-thumbnail","hentry","category-educacion","tag-escuelas-nuevas"],"yoast_head":"<!-- This site is optimized with the Yoast SEO plugin v27.4 - https:\/\/yoast.com\/product\/yoast-seo-wordpress\/ -->\n<title>El movimiento de las escuelas nuevas - EducatesPilar.com<\/title>\n<meta name=\"robots\" content=\"index, follow, max-snippet:-1, max-image-preview:large, max-video-preview:-1\" \/>\n<link rel=\"canonical\" href=\"https:\/\/educatespilar.com\/en\/el-movimiento-de-las-escuelas-nuevas\/\" \/>\n<meta property=\"og:locale\" content=\"en_US\" \/>\n<meta property=\"og:type\" content=\"article\" \/>\n<meta property=\"og:title\" content=\"El movimiento de las escuelas nuevas - EducatesPilar.com\" \/>\n<meta property=\"og:description\" content=\"Pero es importante se\u00f1alar esta homogeneidad, por cuanto a fines del siglo XIX surge un movimiento pedag\u00f3gico, conocido como el movimiento de las &#8220;escuelas nuevas&#8221; que, a primera vista, pone en cuesti\u00f3n la legitimidad y los fundamentos cient\u00edficos de la escuela &#8220;tradicional&#8221;, que es ya, en ese momento, la escuela burguesa. Con el nombre del [&hellip;]\" \/>\n<meta property=\"og:url\" content=\"https:\/\/educatespilar.com\/en\/el-movimiento-de-las-escuelas-nuevas\/\" \/>\n<meta property=\"og:site_name\" content=\"EducatesPilar.com\" \/>\n<meta property=\"article:published_time\" content=\"2025-11-06T00:18:50+00:00\" \/>\n<meta property=\"article:modified_time\" content=\"2025-11-12T00:19:19+00:00\" \/>\n<meta property=\"og:image\" content=\"https:\/\/educatespilar.com\/wp-content\/uploads\/2025\/11\/ninos-volviendo-juntos-la-escuela-scaled.jpg\" \/>\n\t<meta property=\"og:image:width\" content=\"2560\" \/>\n\t<meta property=\"og:image:height\" content=\"1706\" \/>\n\t<meta property=\"og:image:type\" content=\"image\/jpeg\" \/>\n<meta name=\"author\" content=\"educates\" \/>\n<meta name=\"twitter:card\" content=\"summary_large_image\" \/>\n<meta name=\"twitter:label1\" content=\"Written by\" \/>\n\t<meta name=\"twitter:data1\" content=\"educates\" \/>\n\t<meta name=\"twitter:label2\" content=\"Est. reading time\" \/>\n\t<meta name=\"twitter:data2\" content=\"6 minutes\" \/>\n<script type=\"application\/ld+json\" class=\"yoast-schema-graph\">{\"@context\":\"https:\\\/\\\/schema.org\",\"@graph\":[{\"@type\":\"Article\",\"@id\":\"https:\\\/\\\/educatespilar.com\\\/el-movimiento-de-las-escuelas-nuevas\\\/#article\",\"isPartOf\":{\"@id\":\"https:\\\/\\\/educatespilar.com\\\/el-movimiento-de-las-escuelas-nuevas\\\/\"},\"author\":{\"name\":\"educates\",\"@id\":\"https:\\\/\\\/tzs.pgq.temporary.site\\\/website_c18d3ae6\\\/#\\\/schema\\\/person\\\/655446504db2a404e6921d90ab7c0a0f\"},\"headline\":\"El movimiento de las escuelas nuevas\",\"datePublished\":\"2025-11-06T00:18:50+00:00\",\"dateModified\":\"2025-11-12T00:19:19+00:00\",\"mainEntityOfPage\":{\"@id\":\"https:\\\/\\\/educatespilar.com\\\/el-movimiento-de-las-escuelas-nuevas\\\/\"},\"wordCount\":1242,\"image\":{\"@id\":\"https:\\\/\\\/educatespilar.com\\\/el-movimiento-de-las-escuelas-nuevas\\\/#primaryimage\"},\"thumbnailUrl\":\"https:\\\/\\\/i0.wp.com\\\/educatespilar.com\\\/wp-content\\\/uploads\\\/2025\\\/11\\\/ninos-volviendo-juntos-la-escuela-scaled.jpg?fit=2560%2C1706&ssl=1\",\"keywords\":[\"escuelas nuevas\"],\"articleSection\":[\"Educaci\u00f3n\"],\"inLanguage\":\"en-US\"},{\"@type\":\"WebPage\",\"@id\":\"https:\\\/\\\/educatespilar.com\\\/el-movimiento-de-las-escuelas-nuevas\\\/\",\"url\":\"https:\\\/\\\/educatespilar.com\\\/el-movimiento-de-las-escuelas-nuevas\\\/\",\"name\":\"El movimiento de las escuelas nuevas - EducatesPilar.com\",\"isPartOf\":{\"@id\":\"https:\\\/\\\/tzs.pgq.temporary.site\\\/website_c18d3ae6\\\/#website\"},\"primaryImageOfPage\":{\"@id\":\"https:\\\/\\\/educatespilar.com\\\/el-movimiento-de-las-escuelas-nuevas\\\/#primaryimage\"},\"image\":{\"@id\":\"https:\\\/\\\/educatespilar.com\\\/el-movimiento-de-las-escuelas-nuevas\\\/#primaryimage\"},\"thumbnailUrl\":\"https:\\\/\\\/i0.wp.com\\\/educatespilar.com\\\/wp-content\\\/uploads\\\/2025\\\/11\\\/ninos-volviendo-juntos-la-escuela-scaled.jpg?fit=2560%2C1706&ssl=1\",\"datePublished\":\"2025-11-06T00:18:50+00:00\",\"dateModified\":\"2025-11-12T00:19:19+00:00\",\"author\":{\"@id\":\"https:\\\/\\\/tzs.pgq.temporary.site\\\/website_c18d3ae6\\\/#\\\/schema\\\/person\\\/655446504db2a404e6921d90ab7c0a0f\"},\"breadcrumb\":{\"@id\":\"https:\\\/\\\/educatespilar.com\\\/el-movimiento-de-las-escuelas-nuevas\\\/#breadcrumb\"},\"inLanguage\":\"en-US\",\"potentialAction\":[{\"@type\":\"ReadAction\",\"target\":[\"https:\\\/\\\/educatespilar.com\\\/el-movimiento-de-las-escuelas-nuevas\\\/\"]}]},{\"@type\":\"ImageObject\",\"inLanguage\":\"en-US\",\"@id\":\"https:\\\/\\\/educatespilar.com\\\/el-movimiento-de-las-escuelas-nuevas\\\/#primaryimage\",\"url\":\"https:\\\/\\\/i0.wp.com\\\/educatespilar.com\\\/wp-content\\\/uploads\\\/2025\\\/11\\\/ninos-volviendo-juntos-la-escuela-scaled.jpg?fit=2560%2C1706&ssl=1\",\"contentUrl\":\"https:\\\/\\\/i0.wp.com\\\/educatespilar.com\\\/wp-content\\\/uploads\\\/2025\\\/11\\\/ninos-volviendo-juntos-la-escuela-scaled.jpg?fit=2560%2C1706&ssl=1\",\"width\":2560,\"height\":1706},{\"@type\":\"BreadcrumbList\",\"@id\":\"https:\\\/\\\/educatespilar.com\\\/el-movimiento-de-las-escuelas-nuevas\\\/#breadcrumb\",\"itemListElement\":[{\"@type\":\"ListItem\",\"position\":1,\"name\":\"Home\",\"item\":\"https:\\\/\\\/educatespilar.com\\\/\"},{\"@type\":\"ListItem\",\"position\":2,\"name\":\"El movimiento de las escuelas nuevas\"}]},{\"@type\":\"WebSite\",\"@id\":\"https:\\\/\\\/tzs.pgq.temporary.site\\\/website_c18d3ae6\\\/#website\",\"url\":\"https:\\\/\\\/tzs.pgq.temporary.site\\\/website_c18d3ae6\\\/\",\"name\":\"EducatesPilar.com\",\"description\":\"\",\"potentialAction\":[{\"@type\":\"SearchAction\",\"target\":{\"@type\":\"EntryPoint\",\"urlTemplate\":\"https:\\\/\\\/tzs.pgq.temporary.site\\\/website_c18d3ae6\\\/?s={search_term_string}\"},\"query-input\":{\"@type\":\"PropertyValueSpecification\",\"valueRequired\":true,\"valueName\":\"search_term_string\"}}],\"inLanguage\":\"en-US\"},{\"@type\":\"Person\",\"@id\":\"https:\\\/\\\/tzs.pgq.temporary.site\\\/website_c18d3ae6\\\/#\\\/schema\\\/person\\\/655446504db2a404e6921d90ab7c0a0f\",\"name\":\"educates\",\"image\":{\"@type\":\"ImageObject\",\"inLanguage\":\"en-US\",\"@id\":\"https:\\\/\\\/secure.gravatar.com\\\/avatar\\\/f1e844324149cf607705bdc3821ac52f5613382cc275e3a009bc73539c52a819?s=96&d=mm&r=g\",\"url\":\"https:\\\/\\\/secure.gravatar.com\\\/avatar\\\/f1e844324149cf607705bdc3821ac52f5613382cc275e3a009bc73539c52a819?s=96&d=mm&r=g\",\"contentUrl\":\"https:\\\/\\\/secure.gravatar.com\\\/avatar\\\/f1e844324149cf607705bdc3821ac52f5613382cc275e3a009bc73539c52a819?s=96&d=mm&r=g\",\"caption\":\"educates\"},\"url\":\"https:\\\/\\\/educatespilar.com\\\/en\\\/author\\\/educates\\\/\"}]}<\/script>\n<!-- \/ Yoast SEO plugin. -->","yoast_head_json":{"title":"El movimiento de las escuelas nuevas - EducatesPilar.com","robots":{"index":"index","follow":"follow","max-snippet":"max-snippet:-1","max-image-preview":"max-image-preview:large","max-video-preview":"max-video-preview:-1"},"canonical":"https:\/\/educatespilar.com\/en\/el-movimiento-de-las-escuelas-nuevas\/","og_locale":"en_US","og_type":"article","og_title":"El movimiento de las escuelas nuevas - EducatesPilar.com","og_description":"Pero es importante se\u00f1alar esta homogeneidad, por cuanto a fines del siglo XIX surge un movimiento pedag\u00f3gico, conocido como el movimiento de las &#8220;escuelas nuevas&#8221; que, a primera vista, pone en cuesti\u00f3n la legitimidad y los fundamentos cient\u00edficos de la escuela &#8220;tradicional&#8221;, que es ya, en ese momento, la escuela burguesa. Con el nombre del [&hellip;]","og_url":"https:\/\/educatespilar.com\/en\/el-movimiento-de-las-escuelas-nuevas\/","og_site_name":"EducatesPilar.com","article_published_time":"2025-11-06T00:18:50+00:00","article_modified_time":"2025-11-12T00:19:19+00:00","og_image":[{"width":2560,"height":1706,"url":"https:\/\/educatespilar.com\/wp-content\/uploads\/2025\/11\/ninos-volviendo-juntos-la-escuela-scaled.jpg","type":"image\/jpeg"}],"author":"educates","twitter_card":"summary_large_image","twitter_misc":{"Written by":"educates","Est. reading time":"6 minutes"},"schema":{"@context":"https:\/\/schema.org","@graph":[{"@type":"Article","@id":"https:\/\/educatespilar.com\/el-movimiento-de-las-escuelas-nuevas\/#article","isPartOf":{"@id":"https:\/\/educatespilar.com\/el-movimiento-de-las-escuelas-nuevas\/"},"author":{"name":"educates","@id":"https:\/\/tzs.pgq.temporary.site\/website_c18d3ae6\/#\/schema\/person\/655446504db2a404e6921d90ab7c0a0f"},"headline":"El movimiento de las escuelas nuevas","datePublished":"2025-11-06T00:18:50+00:00","dateModified":"2025-11-12T00:19:19+00:00","mainEntityOfPage":{"@id":"https:\/\/educatespilar.com\/el-movimiento-de-las-escuelas-nuevas\/"},"wordCount":1242,"image":{"@id":"https:\/\/educatespilar.com\/el-movimiento-de-las-escuelas-nuevas\/#primaryimage"},"thumbnailUrl":"https:\/\/i0.wp.com\/educatespilar.com\/wp-content\/uploads\/2025\/11\/ninos-volviendo-juntos-la-escuela-scaled.jpg?fit=2560%2C1706&ssl=1","keywords":["escuelas nuevas"],"articleSection":["Educaci\u00f3n"],"inLanguage":"en-US"},{"@type":"WebPage","@id":"https:\/\/educatespilar.com\/el-movimiento-de-las-escuelas-nuevas\/","url":"https:\/\/educatespilar.com\/el-movimiento-de-las-escuelas-nuevas\/","name":"El movimiento de las escuelas nuevas - EducatesPilar.com","isPartOf":{"@id":"https:\/\/tzs.pgq.temporary.site\/website_c18d3ae6\/#website"},"primaryImageOfPage":{"@id":"https:\/\/educatespilar.com\/el-movimiento-de-las-escuelas-nuevas\/#primaryimage"},"image":{"@id":"https:\/\/educatespilar.com\/el-movimiento-de-las-escuelas-nuevas\/#primaryimage"},"thumbnailUrl":"https:\/\/i0.wp.com\/educatespilar.com\/wp-content\/uploads\/2025\/11\/ninos-volviendo-juntos-la-escuela-scaled.jpg?fit=2560%2C1706&ssl=1","datePublished":"2025-11-06T00:18:50+00:00","dateModified":"2025-11-12T00:19:19+00:00","author":{"@id":"https:\/\/tzs.pgq.temporary.site\/website_c18d3ae6\/#\/schema\/person\/655446504db2a404e6921d90ab7c0a0f"},"breadcrumb":{"@id":"https:\/\/educatespilar.com\/el-movimiento-de-las-escuelas-nuevas\/#breadcrumb"},"inLanguage":"en-US","potentialAction":[{"@type":"ReadAction","target":["https:\/\/educatespilar.com\/el-movimiento-de-las-escuelas-nuevas\/"]}]},{"@type":"ImageObject","inLanguage":"en-US","@id":"https:\/\/educatespilar.com\/el-movimiento-de-las-escuelas-nuevas\/#primaryimage","url":"https:\/\/i0.wp.com\/educatespilar.com\/wp-content\/uploads\/2025\/11\/ninos-volviendo-juntos-la-escuela-scaled.jpg?fit=2560%2C1706&ssl=1","contentUrl":"https:\/\/i0.wp.com\/educatespilar.com\/wp-content\/uploads\/2025\/11\/ninos-volviendo-juntos-la-escuela-scaled.jpg?fit=2560%2C1706&ssl=1","width":2560,"height":1706},{"@type":"BreadcrumbList","@id":"https:\/\/educatespilar.com\/el-movimiento-de-las-escuelas-nuevas\/#breadcrumb","itemListElement":[{"@type":"ListItem","position":1,"name":"Home","item":"https:\/\/educatespilar.com\/"},{"@type":"ListItem","position":2,"name":"El movimiento de las escuelas nuevas"}]},{"@type":"WebSite","@id":"https:\/\/tzs.pgq.temporary.site\/website_c18d3ae6\/#website","url":"https:\/\/tzs.pgq.temporary.site\/website_c18d3ae6\/","name":"EducatesPilar.com","description":"","potentialAction":[{"@type":"SearchAction","target":{"@type":"EntryPoint","urlTemplate":"https:\/\/tzs.pgq.temporary.site\/website_c18d3ae6\/?s={search_term_string}"},"query-input":{"@type":"PropertyValueSpecification","valueRequired":true,"valueName":"search_term_string"}}],"inLanguage":"en-US"},{"@type":"Person","@id":"https:\/\/tzs.pgq.temporary.site\/website_c18d3ae6\/#\/schema\/person\/655446504db2a404e6921d90ab7c0a0f","name":"educates","image":{"@type":"ImageObject","inLanguage":"en-US","@id":"https:\/\/secure.gravatar.com\/avatar\/f1e844324149cf607705bdc3821ac52f5613382cc275e3a009bc73539c52a819?s=96&d=mm&r=g","url":"https:\/\/secure.gravatar.com\/avatar\/f1e844324149cf607705bdc3821ac52f5613382cc275e3a009bc73539c52a819?s=96&d=mm&r=g","contentUrl":"https:\/\/secure.gravatar.com\/avatar\/f1e844324149cf607705bdc3821ac52f5613382cc275e3a009bc73539c52a819?s=96&d=mm&r=g","caption":"educates"},"url":"https:\/\/educatespilar.com\/en\/author\/educates\/"}]}},"jetpack_featured_media_url":"https:\/\/i0.wp.com\/educatespilar.com\/wp-content\/uploads\/2025\/11\/ninos-volviendo-juntos-la-escuela-scaled.jpg?fit=2560%2C1706&ssl=1","jetpack_sharing_enabled":true,"_links":{"self":[{"href":"https:\/\/educatespilar.com\/en\/wp-json\/wp\/v2\/posts\/189","targetHints":{"allow":["GET"]}}],"collection":[{"href":"https:\/\/educatespilar.com\/en\/wp-json\/wp\/v2\/posts"}],"about":[{"href":"https:\/\/educatespilar.com\/en\/wp-json\/wp\/v2\/types\/post"}],"author":[{"embeddable":true,"href":"https:\/\/educatespilar.com\/en\/wp-json\/wp\/v2\/users\/2"}],"replies":[{"embeddable":true,"href":"https:\/\/educatespilar.com\/en\/wp-json\/wp\/v2\/comments?post=189"}],"version-history":[{"count":1,"href":"https:\/\/educatespilar.com\/en\/wp-json\/wp\/v2\/posts\/189\/revisions"}],"predecessor-version":[{"id":191,"href":"https:\/\/educatespilar.com\/en\/wp-json\/wp\/v2\/posts\/189\/revisions\/191"}],"wp:featuredmedia":[{"embeddable":true,"href":"https:\/\/educatespilar.com\/en\/wp-json\/wp\/v2\/media\/190"}],"wp:attachment":[{"href":"https:\/\/educatespilar.com\/en\/wp-json\/wp\/v2\/media?parent=189"}],"wp:term":[{"taxonomy":"category","embeddable":true,"href":"https:\/\/educatespilar.com\/en\/wp-json\/wp\/v2\/categories?post=189"},{"taxonomy":"post_tag","embeddable":true,"href":"https:\/\/educatespilar.com\/en\/wp-json\/wp\/v2\/tags?post=189"}],"curies":[{"name":"wp","href":"https:\/\/api.w.org\/{rel}","templated":true}]}}