{"id":183,"date":"2025-11-04T00:13:20","date_gmt":"2025-11-04T00:13:20","guid":{"rendered":"https:\/\/educatespilar.com\/?p=183"},"modified":"2025-11-12T00:13:46","modified_gmt":"2025-11-12T00:13:46","slug":"educacion-de-la-filosofia-a-la-teoria-social","status":"publish","type":"post","link":"https:\/\/educatespilar.com\/en\/educacion-de-la-filosofia-a-la-teoria-social\/","title":{"rendered":"Educaci\u00f3n: de la filosof\u00eda a la teor\u00eda social"},"content":{"rendered":"<p><img data-recalc-dims=\"1\" decoding=\"async\" loading=\"lazy\" class=\"alignnone size-medium wp-image-184\" src=\"https:\/\/i0.wp.com\/educatespilar.com\/wp-content\/uploads\/2025\/11\/una-representacion-figurada-del-conocimiento-y-la-mente-humana.jpg?resize=300%2C200&#038;ssl=1\" alt=\"\" width=\"300\" height=\"200\" srcset=\"https:\/\/i0.wp.com\/educatespilar.com\/wp-content\/uploads\/2025\/11\/una-representacion-figurada-del-conocimiento-y-la-mente-humana-scaled.jpg?resize=300%2C200&amp;ssl=1 300w, https:\/\/i0.wp.com\/educatespilar.com\/wp-content\/uploads\/2025\/11\/una-representacion-figurada-del-conocimiento-y-la-mente-humana-scaled.jpg?resize=1024%2C683&amp;ssl=1 1024w, https:\/\/i0.wp.com\/educatespilar.com\/wp-content\/uploads\/2025\/11\/una-representacion-figurada-del-conocimiento-y-la-mente-humana-scaled.jpg?resize=768%2C512&amp;ssl=1 768w, https:\/\/i0.wp.com\/educatespilar.com\/wp-content\/uploads\/2025\/11\/una-representacion-figurada-del-conocimiento-y-la-mente-humana-scaled.jpg?resize=1536%2C1024&amp;ssl=1 1536w, https:\/\/i0.wp.com\/educatespilar.com\/wp-content\/uploads\/2025\/11\/una-representacion-figurada-del-conocimiento-y-la-mente-humana-scaled.jpg?resize=2048%2C1365&amp;ssl=1 2048w, https:\/\/i0.wp.com\/educatespilar.com\/wp-content\/uploads\/2025\/11\/una-representacion-figurada-del-conocimiento-y-la-mente-humana-scaled.jpg?resize=18%2C12&amp;ssl=1 18w\" sizes=\"auto, (max-width: 300px) 100vw, 300px\" \/><\/p>\n<p><span style=\"font-weight: 400;\">Nos ocuparemos, en primer lugar, de situar a los autores y sus textos, en especial, teniendo presente la relaci\u00f3n con el tema central elegido aqui como eje orientador de la lectura. Paul Natorp, John Dewey y \u00c9mile Durkheim pertenecen a contextos culturales nacionales diferenciados, pertenencia que los ubica tambi\u00e9n en escuelas filos\u00f3ficas y enfoques ideol\u00f3gicos relativamente distinguibles entre si; no obstante, como veremos, hay una serie de rasgos ideol\u00f3gicos y tem\u00e1ticos que comparten y que nosotros vamos a considera con un inter\u00e9s especial.<\/span><\/p>\n<p><span style=\"font-weight: 400;\">Paul Natorp es un fil\u00f3sofo y pedagogo alem\u00e1n adscripto a la escuela neokantiana de Marburgo, uno de los primeros en plantear las cuestiones pedag\u00f3gicas desde una perspectiva cient\u00edfica es decir, reivindicando la posibilidad de una ciencia de la educaci\u00f3n separada de la filosof\u00eda y el car\u00e1cter social de la educaci\u00f3n; su obra reviste inter\u00e9s en la medida en que representa continuidades y contrastes respecto del clima intelectual propio del idealismo filos\u00f3fico alem\u00e1n, y viene a revitalizar el pensamiento idealista en este terreno, sobre el cual dominaban a\u00fan el Tratado de Pedagog\u00eda de Emmanuel Kant, los Discursos a la naci\u00f3n alemana de Fichte muy influidos ambos por las ideas y los temas rousseaunianos y las observaciones de Wilhelm Dilthey. Kant, Fichte y Dilthey constituyen, por as\u00ed decir, los referentes &#8220;filos\u00f3ficos&#8221; de la obra de Natorp, mientras que en el terreno m\u00e1s estrictamente pedag\u00f3gico sobre sale la figura de Johann Friedrich Herbart.\u00a0<\/span><\/p>\n<p><span style=\"font-weight: 400;\">Las doctrinas pedag\u00f3gicas herbar\u00edan ejerci\u00f3 una influencia duradera en la Alemania del siglo XIX, sobre todo en lo relativo a la formaci\u00f3n de educadores, ya que fue la base de la formaci\u00f3n pedag\u00f3gica en escuelas normales y universidades. Paul Natorp no es un autor muy conocido en nuestro pa\u00eds en el que predomin\u00f3 siempre la bibliograf\u00eda de cu\u00f1o positivista y esa ha sido una de las razones por las cuales consideramos de inter\u00e9s confrontar la primera parte de su Curso de pedagog\u00eda con textos que, en cambio, han tenido una amplia difusi\u00f3n entre nosotros, como los de Dewey y Durkheim.<\/span><\/p>\n<p><span style=\"font-weight: 400;\">En el Curso de pedagog\u00eda obra que abarca una tem\u00e1tica m\u00e1s amplia y general que la Pedagog\u00eda social publicada en 1898 la primera preocupaci\u00f3n de Natorp es producir una definici\u00f3n en la discusi\u00f3n que ya en ese momento forma parte de la tradici\u00f3n de las querellas filos\u00f3ficas en torno a la pedagog\u00eda, acerca de si se debe considerar a la educaci\u00f3n como un arte (aqu\u00ed el t\u00e9rmino arte se carga de un sentido m\u00e1s amplio ligado al concepto de la t\u00e9cnica) o si, adem\u00e1s, puede aspirar a una sistematizaci\u00f3n cient\u00edfica con un campo propio de problemas y no a la mera aplicaci\u00f3n subordinada de los resultados de otras ciencias particulares. En este sentido, la cr\u00edtica de Natorp a la pedagog\u00eda herbartiana constituye un punto importante en el pasaje a la problem\u00e1tica de la pedagog\u00eda contempor\u00e1nea, en la que en parte como una reacci\u00f3n al intelectualismo iluminista y al irracionalismo rom\u00e1ntico se afianza la noci\u00f3n de una sistematizaci\u00f3n cient\u00edfica de conocimiento pedag\u00f3gico y de su pr\u00e1ctica.\u00a0<\/span><\/p>\n<p><span style=\"font-weight: 400;\">De ah\u00ed que la definici\u00f3n de Natorp nos remita al concepto m\u00e1s amplio de formaci\u00f3n, en el que el desarrollo de las &#8220;facultades intelectuales&#8221;, la instrucci\u00f3n propiamente dicha de car\u00e1cter enciclop\u00e9dico queda incluido como una parte importante pero no exclusiva. &#8220;Por pedagog\u00eda dice Natorp entendemos nosotros la ciencia de la formaci\u00f3n (Bildung), esto es, el fundamento teor\u00e9tico para distinguir las cuestiones referentes a la educaci\u00f3n y a la instrucci\u00f3n.&#8221; Y agrega: &#8220;Una pedagog\u00eda como mera doctrina art\u00edstica, esto es, como indicaci\u00f3n para la pr\u00e1ctica de educar e instruir, supone necesariamente la fundamentaci\u00f3n cient\u00edfica; adem\u00e1s, solo puede ser de utilidad en uni\u00f3n inmediata con la misma pr\u00e1ctica.&#8221;<\/span><\/p>\n<p><span style=\"font-weight: 400;\">Natorp coincide con Herbart en que es necesario buscar el fundamento te\u00f3rico de la pedagog\u00eda en la filosof\u00eda; pero Herbart limitaba esta fundamentaci\u00f3n a la \u00c9tica (que debia ocuparse, por asi decir, de la determinaci\u00f3n del objeto y fin de la educaci\u00f3n) y a la Psicolog\u00eda, cuya tarea consist\u00eda en determinar el camino y los medios. En cambio, Natorp, al pensar la pedagog\u00eda como ciencia de la formaci\u00f3n, y reivindicar la unidad del sujeto de la pr\u00e1ctica educativa, sostiene que es preciso acudir tambi\u00e9n a la L\u00f3gica, la Est\u00e9tica, la filosof\u00eda de la religi\u00f3n, etc. De ah\u00ed tambi\u00e9n que su cr\u00edtica al mecanicismo de Herbart parta de una defensa del car\u00e1cter de propia actividad (espontaneidad) de la formaci\u00f3n, que hace que se la considere como desarrollo interior,y no &#8220;como resultado meramente mec\u00e1nico de una direcci\u00f3n exterior&#8221;&#8216;.\u00a0<\/span><\/p>\n<p><span style=\"font-weight: 400;\">Volveremos sobre esta cuesti\u00f3n m\u00e1s adelante. Veamos ahora c\u00f3mo est\u00e1 planteada la relaci\u00f3n de la educaci\u00f3n con su contexto social en la obra de Natorp.Cuando Natorp afirma que no existe el hombre sino la comunidad humana, nos sit\u00faa en la orientaci\u00f3n te\u00f3rica que sustent\u00f3 a toda una corriente del pensamiento sociol\u00f3gico contempor\u00e1neo y cuya fuente en Alemania fue la obra de Ferdinand Tonnies Comunidades y sociedad.\u00a0<\/span><\/p>\n<p><span style=\"font-weight: 400;\">El concepto de comunidad, luego exhaustivamente desarrollado por Max Weber, nos remite a una representaci\u00f3n de la sociedad a partir de rasgos comunes, es decir, enfatiza el elemento de homogeneidad que caracteriza a los agregados humanos. Es el concepto de unidad e identidad social que est\u00e1 en el centro de todas las filosof\u00edas e ideolog\u00edas idealistas o espiritualistas de nuestro siglo. Ahora bien, a pesar de este rasgo de limitaci\u00f3n que signa al concepto de comunidad nos referimos a su incapacidad para conceptualizar los elementos de heterogeneidad propios de la sociedad y la cultura humanas, existe un aspecto en el que se muestra particularmente fecundo, precisamente el relativo al hecho de que el desarrollo cultural de la humanidad en su conjunto incorpora nuevos elementos en el proceso de apropiaci\u00f3n y transformaci\u00f3n de la naturaleza.\u00a0<\/span><\/p>","protected":false},"excerpt":{"rendered":"<p>Nos ocuparemos, en primer lugar, de situar a los autores y sus textos, en especial, teniendo presente la relaci\u00f3n con el tema central elegido aqui como eje orientador de la lectura. Paul Natorp, John Dewey y \u00c9mile Durkheim pertenecen a contextos culturales nacionales diferenciados, pertenencia que los ubica tambi\u00e9n en escuelas filos\u00f3ficas y enfoques ideol\u00f3gicos [&hellip;]<\/p>\n","protected":false},"author":2,"featured_media":184,"comment_status":"closed","ping_status":"closed","sticky":false,"template":"","format":"standard","meta":{"nf_dc_page":"","_jetpack_memberships_contains_paid_content":false,"footnotes":""},"categories":[9],"tags":[26,77],"class_list":["post-183","post","type-post","status-publish","format-standard","has-post-thumbnail","hentry","category-educacion","tag-educacion","tag-filosofia"],"yoast_head":"<!-- This site is optimized with the Yoast SEO plugin v27.4 - https:\/\/yoast.com\/product\/yoast-seo-wordpress\/ -->\n<title>Educaci\u00f3n: de la filosof\u00eda a la teor\u00eda social - EducatesPilar.com<\/title>\n<meta name=\"robots\" content=\"index, follow, max-snippet:-1, max-image-preview:large, max-video-preview:-1\" \/>\n<link rel=\"canonical\" href=\"https:\/\/educatespilar.com\/en\/educacion-de-la-filosofia-a-la-teoria-social\/\" \/>\n<meta property=\"og:locale\" content=\"en_US\" \/>\n<meta property=\"og:type\" content=\"article\" \/>\n<meta property=\"og:title\" content=\"Educaci\u00f3n: de la filosof\u00eda a la teor\u00eda social - EducatesPilar.com\" \/>\n<meta property=\"og:description\" content=\"Nos ocuparemos, en primer lugar, de situar a los autores y sus textos, en especial, teniendo presente la relaci\u00f3n con el tema central elegido aqui como eje orientador de la lectura. Paul Natorp, John Dewey y \u00c9mile Durkheim pertenecen a contextos culturales nacionales diferenciados, pertenencia que los ubica tambi\u00e9n en escuelas filos\u00f3ficas y enfoques ideol\u00f3gicos [&hellip;]\" \/>\n<meta property=\"og:url\" content=\"https:\/\/educatespilar.com\/en\/educacion-de-la-filosofia-a-la-teoria-social\/\" \/>\n<meta property=\"og:site_name\" content=\"EducatesPilar.com\" \/>\n<meta property=\"article:published_time\" content=\"2025-11-04T00:13:20+00:00\" \/>\n<meta property=\"article:modified_time\" content=\"2025-11-12T00:13:46+00:00\" \/>\n<meta property=\"og:image\" content=\"https:\/\/educatespilar.com\/wp-content\/uploads\/2025\/11\/una-representacion-figurada-del-conocimiento-y-la-mente-humana-scaled.jpg\" \/>\n\t<meta property=\"og:image:width\" content=\"2560\" \/>\n\t<meta property=\"og:image:height\" content=\"1707\" \/>\n\t<meta property=\"og:image:type\" content=\"image\/jpeg\" \/>\n<meta name=\"author\" content=\"educates\" \/>\n<meta name=\"twitter:card\" content=\"summary_large_image\" \/>\n<meta name=\"twitter:label1\" content=\"Written by\" \/>\n\t<meta name=\"twitter:data1\" content=\"educates\" \/>\n\t<meta name=\"twitter:label2\" content=\"Est. reading time\" \/>\n\t<meta name=\"twitter:data2\" content=\"5 minutes\" \/>\n<script type=\"application\/ld+json\" class=\"yoast-schema-graph\">{\"@context\":\"https:\\\/\\\/schema.org\",\"@graph\":[{\"@type\":\"Article\",\"@id\":\"https:\\\/\\\/educatespilar.com\\\/educacion-de-la-filosofia-a-la-teoria-social\\\/#article\",\"isPartOf\":{\"@id\":\"https:\\\/\\\/educatespilar.com\\\/educacion-de-la-filosofia-a-la-teoria-social\\\/\"},\"author\":{\"name\":\"educates\",\"@id\":\"https:\\\/\\\/tzs.pgq.temporary.site\\\/website_c18d3ae6\\\/#\\\/schema\\\/person\\\/655446504db2a404e6921d90ab7c0a0f\"},\"headline\":\"Educaci\u00f3n: de la filosof\u00eda a la teor\u00eda social\",\"datePublished\":\"2025-11-04T00:13:20+00:00\",\"dateModified\":\"2025-11-12T00:13:46+00:00\",\"mainEntityOfPage\":{\"@id\":\"https:\\\/\\\/educatespilar.com\\\/educacion-de-la-filosofia-a-la-teoria-social\\\/\"},\"wordCount\":1075,\"image\":{\"@id\":\"https:\\\/\\\/educatespilar.com\\\/educacion-de-la-filosofia-a-la-teoria-social\\\/#primaryimage\"},\"thumbnailUrl\":\"https:\\\/\\\/i0.wp.com\\\/educatespilar.com\\\/wp-content\\\/uploads\\\/2025\\\/11\\\/una-representacion-figurada-del-conocimiento-y-la-mente-humana-scaled.jpg?fit=2560%2C1707&ssl=1\",\"keywords\":[\"educacion\",\"filosofia\"],\"articleSection\":[\"Educaci\u00f3n\"],\"inLanguage\":\"en-US\"},{\"@type\":\"WebPage\",\"@id\":\"https:\\\/\\\/educatespilar.com\\\/educacion-de-la-filosofia-a-la-teoria-social\\\/\",\"url\":\"https:\\\/\\\/educatespilar.com\\\/educacion-de-la-filosofia-a-la-teoria-social\\\/\",\"name\":\"Educaci\u00f3n: de la filosof\u00eda a la teor\u00eda social - EducatesPilar.com\",\"isPartOf\":{\"@id\":\"https:\\\/\\\/tzs.pgq.temporary.site\\\/website_c18d3ae6\\\/#website\"},\"primaryImageOfPage\":{\"@id\":\"https:\\\/\\\/educatespilar.com\\\/educacion-de-la-filosofia-a-la-teoria-social\\\/#primaryimage\"},\"image\":{\"@id\":\"https:\\\/\\\/educatespilar.com\\\/educacion-de-la-filosofia-a-la-teoria-social\\\/#primaryimage\"},\"thumbnailUrl\":\"https:\\\/\\\/i0.wp.com\\\/educatespilar.com\\\/wp-content\\\/uploads\\\/2025\\\/11\\\/una-representacion-figurada-del-conocimiento-y-la-mente-humana-scaled.jpg?fit=2560%2C1707&ssl=1\",\"datePublished\":\"2025-11-04T00:13:20+00:00\",\"dateModified\":\"2025-11-12T00:13:46+00:00\",\"author\":{\"@id\":\"https:\\\/\\\/tzs.pgq.temporary.site\\\/website_c18d3ae6\\\/#\\\/schema\\\/person\\\/655446504db2a404e6921d90ab7c0a0f\"},\"breadcrumb\":{\"@id\":\"https:\\\/\\\/educatespilar.com\\\/educacion-de-la-filosofia-a-la-teoria-social\\\/#breadcrumb\"},\"inLanguage\":\"en-US\",\"potentialAction\":[{\"@type\":\"ReadAction\",\"target\":[\"https:\\\/\\\/educatespilar.com\\\/educacion-de-la-filosofia-a-la-teoria-social\\\/\"]}]},{\"@type\":\"ImageObject\",\"inLanguage\":\"en-US\",\"@id\":\"https:\\\/\\\/educatespilar.com\\\/educacion-de-la-filosofia-a-la-teoria-social\\\/#primaryimage\",\"url\":\"https:\\\/\\\/i0.wp.com\\\/educatespilar.com\\\/wp-content\\\/uploads\\\/2025\\\/11\\\/una-representacion-figurada-del-conocimiento-y-la-mente-humana-scaled.jpg?fit=2560%2C1707&ssl=1\",\"contentUrl\":\"https:\\\/\\\/i0.wp.com\\\/educatespilar.com\\\/wp-content\\\/uploads\\\/2025\\\/11\\\/una-representacion-figurada-del-conocimiento-y-la-mente-humana-scaled.jpg?fit=2560%2C1707&ssl=1\",\"width\":2560,\"height\":1707},{\"@type\":\"BreadcrumbList\",\"@id\":\"https:\\\/\\\/educatespilar.com\\\/educacion-de-la-filosofia-a-la-teoria-social\\\/#breadcrumb\",\"itemListElement\":[{\"@type\":\"ListItem\",\"position\":1,\"name\":\"Home\",\"item\":\"https:\\\/\\\/educatespilar.com\\\/\"},{\"@type\":\"ListItem\",\"position\":2,\"name\":\"Educaci\u00f3n: de la filosof\u00eda a la teor\u00eda social\"}]},{\"@type\":\"WebSite\",\"@id\":\"https:\\\/\\\/tzs.pgq.temporary.site\\\/website_c18d3ae6\\\/#website\",\"url\":\"https:\\\/\\\/tzs.pgq.temporary.site\\\/website_c18d3ae6\\\/\",\"name\":\"EducatesPilar.com\",\"description\":\"\",\"potentialAction\":[{\"@type\":\"SearchAction\",\"target\":{\"@type\":\"EntryPoint\",\"urlTemplate\":\"https:\\\/\\\/tzs.pgq.temporary.site\\\/website_c18d3ae6\\\/?s={search_term_string}\"},\"query-input\":{\"@type\":\"PropertyValueSpecification\",\"valueRequired\":true,\"valueName\":\"search_term_string\"}}],\"inLanguage\":\"en-US\"},{\"@type\":\"Person\",\"@id\":\"https:\\\/\\\/tzs.pgq.temporary.site\\\/website_c18d3ae6\\\/#\\\/schema\\\/person\\\/655446504db2a404e6921d90ab7c0a0f\",\"name\":\"educates\",\"image\":{\"@type\":\"ImageObject\",\"inLanguage\":\"en-US\",\"@id\":\"https:\\\/\\\/secure.gravatar.com\\\/avatar\\\/f1e844324149cf607705bdc3821ac52f5613382cc275e3a009bc73539c52a819?s=96&d=mm&r=g\",\"url\":\"https:\\\/\\\/secure.gravatar.com\\\/avatar\\\/f1e844324149cf607705bdc3821ac52f5613382cc275e3a009bc73539c52a819?s=96&d=mm&r=g\",\"contentUrl\":\"https:\\\/\\\/secure.gravatar.com\\\/avatar\\\/f1e844324149cf607705bdc3821ac52f5613382cc275e3a009bc73539c52a819?s=96&d=mm&r=g\",\"caption\":\"educates\"},\"url\":\"https:\\\/\\\/educatespilar.com\\\/en\\\/author\\\/educates\\\/\"}]}<\/script>\n<!-- \/ Yoast SEO plugin. -->","yoast_head_json":{"title":"Educaci\u00f3n: de la filosof\u00eda a la teor\u00eda social - EducatesPilar.com","robots":{"index":"index","follow":"follow","max-snippet":"max-snippet:-1","max-image-preview":"max-image-preview:large","max-video-preview":"max-video-preview:-1"},"canonical":"https:\/\/educatespilar.com\/en\/educacion-de-la-filosofia-a-la-teoria-social\/","og_locale":"en_US","og_type":"article","og_title":"Educaci\u00f3n: de la filosof\u00eda a la teor\u00eda social - EducatesPilar.com","og_description":"Nos ocuparemos, en primer lugar, de situar a los autores y sus textos, en especial, teniendo presente la relaci\u00f3n con el tema central elegido aqui como eje orientador de la lectura. Paul Natorp, John Dewey y \u00c9mile Durkheim pertenecen a contextos culturales nacionales diferenciados, pertenencia que los ubica tambi\u00e9n en escuelas filos\u00f3ficas y enfoques ideol\u00f3gicos [&hellip;]","og_url":"https:\/\/educatespilar.com\/en\/educacion-de-la-filosofia-a-la-teoria-social\/","og_site_name":"EducatesPilar.com","article_published_time":"2025-11-04T00:13:20+00:00","article_modified_time":"2025-11-12T00:13:46+00:00","og_image":[{"width":2560,"height":1707,"url":"https:\/\/educatespilar.com\/wp-content\/uploads\/2025\/11\/una-representacion-figurada-del-conocimiento-y-la-mente-humana-scaled.jpg","type":"image\/jpeg"}],"author":"educates","twitter_card":"summary_large_image","twitter_misc":{"Written by":"educates","Est. reading time":"5 minutes"},"schema":{"@context":"https:\/\/schema.org","@graph":[{"@type":"Article","@id":"https:\/\/educatespilar.com\/educacion-de-la-filosofia-a-la-teoria-social\/#article","isPartOf":{"@id":"https:\/\/educatespilar.com\/educacion-de-la-filosofia-a-la-teoria-social\/"},"author":{"name":"educates","@id":"https:\/\/tzs.pgq.temporary.site\/website_c18d3ae6\/#\/schema\/person\/655446504db2a404e6921d90ab7c0a0f"},"headline":"Educaci\u00f3n: de la filosof\u00eda a la teor\u00eda social","datePublished":"2025-11-04T00:13:20+00:00","dateModified":"2025-11-12T00:13:46+00:00","mainEntityOfPage":{"@id":"https:\/\/educatespilar.com\/educacion-de-la-filosofia-a-la-teoria-social\/"},"wordCount":1075,"image":{"@id":"https:\/\/educatespilar.com\/educacion-de-la-filosofia-a-la-teoria-social\/#primaryimage"},"thumbnailUrl":"https:\/\/i0.wp.com\/educatespilar.com\/wp-content\/uploads\/2025\/11\/una-representacion-figurada-del-conocimiento-y-la-mente-humana-scaled.jpg?fit=2560%2C1707&ssl=1","keywords":["educacion","filosofia"],"articleSection":["Educaci\u00f3n"],"inLanguage":"en-US"},{"@type":"WebPage","@id":"https:\/\/educatespilar.com\/educacion-de-la-filosofia-a-la-teoria-social\/","url":"https:\/\/educatespilar.com\/educacion-de-la-filosofia-a-la-teoria-social\/","name":"Educaci\u00f3n: de la filosof\u00eda a la teor\u00eda social - EducatesPilar.com","isPartOf":{"@id":"https:\/\/tzs.pgq.temporary.site\/website_c18d3ae6\/#website"},"primaryImageOfPage":{"@id":"https:\/\/educatespilar.com\/educacion-de-la-filosofia-a-la-teoria-social\/#primaryimage"},"image":{"@id":"https:\/\/educatespilar.com\/educacion-de-la-filosofia-a-la-teoria-social\/#primaryimage"},"thumbnailUrl":"https:\/\/i0.wp.com\/educatespilar.com\/wp-content\/uploads\/2025\/11\/una-representacion-figurada-del-conocimiento-y-la-mente-humana-scaled.jpg?fit=2560%2C1707&ssl=1","datePublished":"2025-11-04T00:13:20+00:00","dateModified":"2025-11-12T00:13:46+00:00","author":{"@id":"https:\/\/tzs.pgq.temporary.site\/website_c18d3ae6\/#\/schema\/person\/655446504db2a404e6921d90ab7c0a0f"},"breadcrumb":{"@id":"https:\/\/educatespilar.com\/educacion-de-la-filosofia-a-la-teoria-social\/#breadcrumb"},"inLanguage":"en-US","potentialAction":[{"@type":"ReadAction","target":["https:\/\/educatespilar.com\/educacion-de-la-filosofia-a-la-teoria-social\/"]}]},{"@type":"ImageObject","inLanguage":"en-US","@id":"https:\/\/educatespilar.com\/educacion-de-la-filosofia-a-la-teoria-social\/#primaryimage","url":"https:\/\/i0.wp.com\/educatespilar.com\/wp-content\/uploads\/2025\/11\/una-representacion-figurada-del-conocimiento-y-la-mente-humana-scaled.jpg?fit=2560%2C1707&ssl=1","contentUrl":"https:\/\/i0.wp.com\/educatespilar.com\/wp-content\/uploads\/2025\/11\/una-representacion-figurada-del-conocimiento-y-la-mente-humana-scaled.jpg?fit=2560%2C1707&ssl=1","width":2560,"height":1707},{"@type":"BreadcrumbList","@id":"https:\/\/educatespilar.com\/educacion-de-la-filosofia-a-la-teoria-social\/#breadcrumb","itemListElement":[{"@type":"ListItem","position":1,"name":"Home","item":"https:\/\/educatespilar.com\/"},{"@type":"ListItem","position":2,"name":"Educaci\u00f3n: de la filosof\u00eda a la teor\u00eda social"}]},{"@type":"WebSite","@id":"https:\/\/tzs.pgq.temporary.site\/website_c18d3ae6\/#website","url":"https:\/\/tzs.pgq.temporary.site\/website_c18d3ae6\/","name":"EducatesPilar.com","description":"","potentialAction":[{"@type":"SearchAction","target":{"@type":"EntryPoint","urlTemplate":"https:\/\/tzs.pgq.temporary.site\/website_c18d3ae6\/?s={search_term_string}"},"query-input":{"@type":"PropertyValueSpecification","valueRequired":true,"valueName":"search_term_string"}}],"inLanguage":"en-US"},{"@type":"Person","@id":"https:\/\/tzs.pgq.temporary.site\/website_c18d3ae6\/#\/schema\/person\/655446504db2a404e6921d90ab7c0a0f","name":"educates","image":{"@type":"ImageObject","inLanguage":"en-US","@id":"https:\/\/secure.gravatar.com\/avatar\/f1e844324149cf607705bdc3821ac52f5613382cc275e3a009bc73539c52a819?s=96&d=mm&r=g","url":"https:\/\/secure.gravatar.com\/avatar\/f1e844324149cf607705bdc3821ac52f5613382cc275e3a009bc73539c52a819?s=96&d=mm&r=g","contentUrl":"https:\/\/secure.gravatar.com\/avatar\/f1e844324149cf607705bdc3821ac52f5613382cc275e3a009bc73539c52a819?s=96&d=mm&r=g","caption":"educates"},"url":"https:\/\/educatespilar.com\/en\/author\/educates\/"}]}},"jetpack_featured_media_url":"https:\/\/i0.wp.com\/educatespilar.com\/wp-content\/uploads\/2025\/11\/una-representacion-figurada-del-conocimiento-y-la-mente-humana-scaled.jpg?fit=2560%2C1707&ssl=1","jetpack_sharing_enabled":true,"_links":{"self":[{"href":"https:\/\/educatespilar.com\/en\/wp-json\/wp\/v2\/posts\/183","targetHints":{"allow":["GET"]}}],"collection":[{"href":"https:\/\/educatespilar.com\/en\/wp-json\/wp\/v2\/posts"}],"about":[{"href":"https:\/\/educatespilar.com\/en\/wp-json\/wp\/v2\/types\/post"}],"author":[{"embeddable":true,"href":"https:\/\/educatespilar.com\/en\/wp-json\/wp\/v2\/users\/2"}],"replies":[{"embeddable":true,"href":"https:\/\/educatespilar.com\/en\/wp-json\/wp\/v2\/comments?post=183"}],"version-history":[{"count":1,"href":"https:\/\/educatespilar.com\/en\/wp-json\/wp\/v2\/posts\/183\/revisions"}],"predecessor-version":[{"id":185,"href":"https:\/\/educatespilar.com\/en\/wp-json\/wp\/v2\/posts\/183\/revisions\/185"}],"wp:featuredmedia":[{"embeddable":true,"href":"https:\/\/educatespilar.com\/en\/wp-json\/wp\/v2\/media\/184"}],"wp:attachment":[{"href":"https:\/\/educatespilar.com\/en\/wp-json\/wp\/v2\/media?parent=183"}],"wp:term":[{"taxonomy":"category","embeddable":true,"href":"https:\/\/educatespilar.com\/en\/wp-json\/wp\/v2\/categories?post=183"},{"taxonomy":"post_tag","embeddable":true,"href":"https:\/\/educatespilar.com\/en\/wp-json\/wp\/v2\/tags?post=183"}],"curies":[{"name":"wp","href":"https:\/\/api.w.org\/{rel}","templated":true}]}}