{"id":166,"date":"2025-10-27T18:11:58","date_gmt":"2025-10-27T18:11:58","guid":{"rendered":"https:\/\/educatespilar.com\/?p=166"},"modified":"2025-11-04T18:12:51","modified_gmt":"2025-11-04T18:12:51","slug":"el-nino-desde-el-punto-de-vista-psicologico","status":"publish","type":"post","link":"https:\/\/educatespilar.com\/en\/el-nino-desde-el-punto-de-vista-psicologico\/","title":{"rendered":"El Ni\u00f1o Desde el Punto de Vista Psicol\u00f3gico"},"content":{"rendered":"<p><img data-recalc-dims=\"1\" decoding=\"async\" loading=\"lazy\" class=\"alignnone size-medium wp-image-167\" src=\"https:\/\/i0.wp.com\/educatespilar.com\/wp-content\/uploads\/2025\/11\/sad-child-looking-through-window-quarantine.jpg?resize=300%2C200&#038;ssl=1\" alt=\"\" width=\"300\" height=\"200\" srcset=\"https:\/\/i0.wp.com\/educatespilar.com\/wp-content\/uploads\/2025\/11\/sad-child-looking-through-window-quarantine-scaled.jpg?resize=300%2C200&amp;ssl=1 300w, https:\/\/i0.wp.com\/educatespilar.com\/wp-content\/uploads\/2025\/11\/sad-child-looking-through-window-quarantine-scaled.jpg?resize=1024%2C681&amp;ssl=1 1024w, https:\/\/i0.wp.com\/educatespilar.com\/wp-content\/uploads\/2025\/11\/sad-child-looking-through-window-quarantine-scaled.jpg?resize=768%2C511&amp;ssl=1 768w, https:\/\/i0.wp.com\/educatespilar.com\/wp-content\/uploads\/2025\/11\/sad-child-looking-through-window-quarantine-scaled.jpg?resize=1536%2C1022&amp;ssl=1 1536w, https:\/\/i0.wp.com\/educatespilar.com\/wp-content\/uploads\/2025\/11\/sad-child-looking-through-window-quarantine-scaled.jpg?resize=2048%2C1363&amp;ssl=1 2048w, https:\/\/i0.wp.com\/educatespilar.com\/wp-content\/uploads\/2025\/11\/sad-child-looking-through-window-quarantine-scaled.jpg?resize=18%2C12&amp;ssl=1 18w\" sizes=\"auto, (max-width: 300px) 100vw, 300px\" \/><\/p>\n<p><span style=\"font-weight: 400;\">El estudio de la psicolog\u00eda del ni\u00f1o, como estricta investigaci\u00f3n cient\u00edfica, se inici\u00f3 en 1881cuando el fisi\u00f3logo y psic\u00f3logo alem\u00e1n Wilhelm Preyer (1841-1897) public\u00f3 El alma del ni\u00f1o, obra universalmente reconocida como el punto de partida de la moderna psicolog\u00eda infantil.\u00a0<\/span><\/p>\n<p><span style=\"font-weight: 400;\">Desde entonces, numerosos aportes de diversos investigadores han puesto de manifiesto que el ni\u00f1o posee una vida ps\u00edquica de estructura propia y que, por ello, no es posible considerarlo como un adulto en miniatura o como un hombre incompleto, sino como un ser cualitativa y cuantitativamente diferente del adulto: el ni\u00f1o es esencialmente ni\u00f1o.<\/span><\/p>\n<p><span style=\"font-weight: 400;\">Durante la infancia el desarrollo ps\u00edquico es continuo, pero no uniforme. De ah\u00ed que sea posible distinguir tres periodos, cada uno de los cuales tiene caracter\u00edsticas peculiares: primera infancia, que abarca del nacimiento hasta los tres a\u00f1os; segunda infancia, de los tres a los seis a\u00f1os; y puericia, de los seis a los doce a\u00f1os. Estos per\u00edodos, a pesar de los complejos factores y funciones que los precisan, muestran una unidad indisoluble y original.\u00a0<\/span><\/p>\n<p><span style=\"font-weight: 400;\">Singulariza a la primera infancia el predominio de la vida instintiva. El ni\u00f1o vive una vida puramente biol\u00f3gica, pues le dominan las necesidades fisiol\u00f3gicas de adaptaci\u00f3n al medio ex-terno. La afectividad, que es el modo t\u00edpico de expresi\u00f3n de su psiquismo, poco a poco se va diferenciando, pues los gestos del ni\u00f1o traducen sus emociones: miedo, enojo y simpat\u00eda. Adquiere un lenguaje rudimentario, que lentamente va perfeccionando con la articulaci\u00f3n de los sonidos y la comprensi\u00f3n del lenguaje ajeno.\u00a0<\/span><\/p>","protected":false},"excerpt":{"rendered":"<p>El estudio de la psicolog\u00eda del ni\u00f1o, como estricta investigaci\u00f3n cient\u00edfica, se inici\u00f3 en 1881cuando el fisi\u00f3logo y psic\u00f3logo alem\u00e1n Wilhelm Preyer (1841-1897) public\u00f3 El alma del ni\u00f1o, obra universalmente reconocida como el punto de partida de la moderna psicolog\u00eda infantil.\u00a0 Desde entonces, numerosos aportes de diversos investigadores han puesto de manifiesto que el ni\u00f1o [&hellip;]<\/p>\n","protected":false},"author":2,"featured_media":167,"comment_status":"closed","ping_status":"closed","sticky":false,"template":"","format":"standard","meta":{"nf_dc_page":"","_jetpack_memberships_contains_paid_content":false,"footnotes":""},"categories":[9],"tags":[65,62],"class_list":["post-166","post","type-post","status-publish","format-standard","has-post-thumbnail","hentry","category-educacion","tag-nino","tag-psicologia"],"yoast_head":"<!-- This site is optimized with the Yoast SEO plugin v27.4 - https:\/\/yoast.com\/product\/yoast-seo-wordpress\/ -->\n<title>El Ni\u00f1o Desde el Punto de Vista Psicol\u00f3gico - EducatesPilar.com<\/title>\n<meta name=\"robots\" content=\"index, follow, max-snippet:-1, max-image-preview:large, max-video-preview:-1\" \/>\n<link rel=\"canonical\" href=\"https:\/\/educatespilar.com\/en\/el-nino-desde-el-punto-de-vista-psicologico\/\" \/>\n<meta property=\"og:locale\" content=\"en_US\" \/>\n<meta property=\"og:type\" content=\"article\" \/>\n<meta property=\"og:title\" content=\"El Ni\u00f1o Desde el Punto de Vista Psicol\u00f3gico - EducatesPilar.com\" \/>\n<meta property=\"og:description\" content=\"El estudio de la psicolog\u00eda del ni\u00f1o, como estricta investigaci\u00f3n cient\u00edfica, se inici\u00f3 en 1881cuando el fisi\u00f3logo y psic\u00f3logo alem\u00e1n Wilhelm Preyer (1841-1897) public\u00f3 El alma del ni\u00f1o, obra universalmente reconocida como el punto de partida de la moderna psicolog\u00eda infantil.\u00a0 Desde entonces, numerosos aportes de diversos investigadores han puesto de manifiesto que el ni\u00f1o [&hellip;]\" \/>\n<meta property=\"og:url\" content=\"https:\/\/educatespilar.com\/en\/el-nino-desde-el-punto-de-vista-psicologico\/\" \/>\n<meta property=\"og:site_name\" content=\"EducatesPilar.com\" \/>\n<meta property=\"article:published_time\" content=\"2025-10-27T18:11:58+00:00\" \/>\n<meta property=\"article:modified_time\" content=\"2025-11-04T18:12:51+00:00\" \/>\n<meta property=\"og:image\" content=\"https:\/\/educatespilar.com\/wp-content\/uploads\/2025\/11\/sad-child-looking-through-window-quarantine-scaled.jpg\" \/>\n\t<meta property=\"og:image:width\" content=\"2560\" \/>\n\t<meta property=\"og:image:height\" content=\"1703\" \/>\n\t<meta property=\"og:image:type\" content=\"image\/jpeg\" \/>\n<meta name=\"author\" content=\"educates\" \/>\n<meta name=\"twitter:card\" content=\"summary_large_image\" \/>\n<meta name=\"twitter:label1\" content=\"Written by\" \/>\n\t<meta name=\"twitter:data1\" content=\"educates\" \/>\n\t<meta name=\"twitter:label2\" content=\"Est. reading time\" \/>\n\t<meta name=\"twitter:data2\" content=\"2 minutes\" \/>\n<script type=\"application\/ld+json\" class=\"yoast-schema-graph\">{\"@context\":\"https:\\\/\\\/schema.org\",\"@graph\":[{\"@type\":\"Article\",\"@id\":\"https:\\\/\\\/educatespilar.com\\\/el-nino-desde-el-punto-de-vista-psicologico\\\/#article\",\"isPartOf\":{\"@id\":\"https:\\\/\\\/educatespilar.com\\\/el-nino-desde-el-punto-de-vista-psicologico\\\/\"},\"author\":{\"name\":\"educates\",\"@id\":\"https:\\\/\\\/tzs.pgq.temporary.site\\\/website_c18d3ae6\\\/#\\\/schema\\\/person\\\/655446504db2a404e6921d90ab7c0a0f\"},\"headline\":\"El Ni\u00f1o Desde el Punto de Vista Psicol\u00f3gico\",\"datePublished\":\"2025-10-27T18:11:58+00:00\",\"dateModified\":\"2025-11-04T18:12:51+00:00\",\"mainEntityOfPage\":{\"@id\":\"https:\\\/\\\/educatespilar.com\\\/el-nino-desde-el-punto-de-vista-psicologico\\\/\"},\"wordCount\":287,\"image\":{\"@id\":\"https:\\\/\\\/educatespilar.com\\\/el-nino-desde-el-punto-de-vista-psicologico\\\/#primaryimage\"},\"thumbnailUrl\":\"https:\\\/\\\/i0.wp.com\\\/educatespilar.com\\\/wp-content\\\/uploads\\\/2025\\\/11\\\/sad-child-looking-through-window-quarantine-scaled.jpg?fit=2560%2C1703&ssl=1\",\"keywords\":[\"ni\u00f1o\",\"psicologia\"],\"articleSection\":[\"Educaci\u00f3n\"],\"inLanguage\":\"en-US\"},{\"@type\":\"WebPage\",\"@id\":\"https:\\\/\\\/educatespilar.com\\\/el-nino-desde-el-punto-de-vista-psicologico\\\/\",\"url\":\"https:\\\/\\\/educatespilar.com\\\/el-nino-desde-el-punto-de-vista-psicologico\\\/\",\"name\":\"El Ni\u00f1o Desde el Punto de Vista Psicol\u00f3gico - EducatesPilar.com\",\"isPartOf\":{\"@id\":\"https:\\\/\\\/tzs.pgq.temporary.site\\\/website_c18d3ae6\\\/#website\"},\"primaryImageOfPage\":{\"@id\":\"https:\\\/\\\/educatespilar.com\\\/el-nino-desde-el-punto-de-vista-psicologico\\\/#primaryimage\"},\"image\":{\"@id\":\"https:\\\/\\\/educatespilar.com\\\/el-nino-desde-el-punto-de-vista-psicologico\\\/#primaryimage\"},\"thumbnailUrl\":\"https:\\\/\\\/i0.wp.com\\\/educatespilar.com\\\/wp-content\\\/uploads\\\/2025\\\/11\\\/sad-child-looking-through-window-quarantine-scaled.jpg?fit=2560%2C1703&ssl=1\",\"datePublished\":\"2025-10-27T18:11:58+00:00\",\"dateModified\":\"2025-11-04T18:12:51+00:00\",\"author\":{\"@id\":\"https:\\\/\\\/tzs.pgq.temporary.site\\\/website_c18d3ae6\\\/#\\\/schema\\\/person\\\/655446504db2a404e6921d90ab7c0a0f\"},\"breadcrumb\":{\"@id\":\"https:\\\/\\\/educatespilar.com\\\/el-nino-desde-el-punto-de-vista-psicologico\\\/#breadcrumb\"},\"inLanguage\":\"en-US\",\"potentialAction\":[{\"@type\":\"ReadAction\",\"target\":[\"https:\\\/\\\/educatespilar.com\\\/el-nino-desde-el-punto-de-vista-psicologico\\\/\"]}]},{\"@type\":\"ImageObject\",\"inLanguage\":\"en-US\",\"@id\":\"https:\\\/\\\/educatespilar.com\\\/el-nino-desde-el-punto-de-vista-psicologico\\\/#primaryimage\",\"url\":\"https:\\\/\\\/i0.wp.com\\\/educatespilar.com\\\/wp-content\\\/uploads\\\/2025\\\/11\\\/sad-child-looking-through-window-quarantine-scaled.jpg?fit=2560%2C1703&ssl=1\",\"contentUrl\":\"https:\\\/\\\/i0.wp.com\\\/educatespilar.com\\\/wp-content\\\/uploads\\\/2025\\\/11\\\/sad-child-looking-through-window-quarantine-scaled.jpg?fit=2560%2C1703&ssl=1\",\"width\":2560,\"height\":1703,\"caption\":\"Un ni\u00f1o con camiseta azul observa por la ventana con gesto melanc\u00f3lico, apoyando la cabeza en su mano. La luz natural ilumina parcialmente su rostro, acentuando una atm\u00f3sfera de introspecci\u00f3n y soledad. La imagen simboliza los efectos emocionales del aislamiento y la necesidad de contenci\u00f3n afectiva durante periodos prolongados en el hogar, como los vividos en contextos de confinamiento.\"},{\"@type\":\"BreadcrumbList\",\"@id\":\"https:\\\/\\\/educatespilar.com\\\/el-nino-desde-el-punto-de-vista-psicologico\\\/#breadcrumb\",\"itemListElement\":[{\"@type\":\"ListItem\",\"position\":1,\"name\":\"Home\",\"item\":\"https:\\\/\\\/educatespilar.com\\\/\"},{\"@type\":\"ListItem\",\"position\":2,\"name\":\"El Ni\u00f1o Desde el Punto de Vista Psicol\u00f3gico\"}]},{\"@type\":\"WebSite\",\"@id\":\"https:\\\/\\\/tzs.pgq.temporary.site\\\/website_c18d3ae6\\\/#website\",\"url\":\"https:\\\/\\\/tzs.pgq.temporary.site\\\/website_c18d3ae6\\\/\",\"name\":\"EducatesPilar.com\",\"description\":\"\",\"potentialAction\":[{\"@type\":\"SearchAction\",\"target\":{\"@type\":\"EntryPoint\",\"urlTemplate\":\"https:\\\/\\\/tzs.pgq.temporary.site\\\/website_c18d3ae6\\\/?s={search_term_string}\"},\"query-input\":{\"@type\":\"PropertyValueSpecification\",\"valueRequired\":true,\"valueName\":\"search_term_string\"}}],\"inLanguage\":\"en-US\"},{\"@type\":\"Person\",\"@id\":\"https:\\\/\\\/tzs.pgq.temporary.site\\\/website_c18d3ae6\\\/#\\\/schema\\\/person\\\/655446504db2a404e6921d90ab7c0a0f\",\"name\":\"educates\",\"image\":{\"@type\":\"ImageObject\",\"inLanguage\":\"en-US\",\"@id\":\"https:\\\/\\\/secure.gravatar.com\\\/avatar\\\/f1e844324149cf607705bdc3821ac52f5613382cc275e3a009bc73539c52a819?s=96&d=mm&r=g\",\"url\":\"https:\\\/\\\/secure.gravatar.com\\\/avatar\\\/f1e844324149cf607705bdc3821ac52f5613382cc275e3a009bc73539c52a819?s=96&d=mm&r=g\",\"contentUrl\":\"https:\\\/\\\/secure.gravatar.com\\\/avatar\\\/f1e844324149cf607705bdc3821ac52f5613382cc275e3a009bc73539c52a819?s=96&d=mm&r=g\",\"caption\":\"educates\"},\"url\":\"https:\\\/\\\/educatespilar.com\\\/en\\\/author\\\/educates\\\/\"}]}<\/script>\n<!-- \/ Yoast SEO plugin. -->","yoast_head_json":{"title":"El Ni\u00f1o Desde el Punto de Vista Psicol\u00f3gico - EducatesPilar.com","robots":{"index":"index","follow":"follow","max-snippet":"max-snippet:-1","max-image-preview":"max-image-preview:large","max-video-preview":"max-video-preview:-1"},"canonical":"https:\/\/educatespilar.com\/en\/el-nino-desde-el-punto-de-vista-psicologico\/","og_locale":"en_US","og_type":"article","og_title":"El Ni\u00f1o Desde el Punto de Vista Psicol\u00f3gico - EducatesPilar.com","og_description":"El estudio de la psicolog\u00eda del ni\u00f1o, como estricta investigaci\u00f3n cient\u00edfica, se inici\u00f3 en 1881cuando el fisi\u00f3logo y psic\u00f3logo alem\u00e1n Wilhelm Preyer (1841-1897) public\u00f3 El alma del ni\u00f1o, obra universalmente reconocida como el punto de partida de la moderna psicolog\u00eda infantil.\u00a0 Desde entonces, numerosos aportes de diversos investigadores han puesto de manifiesto que el ni\u00f1o [&hellip;]","og_url":"https:\/\/educatespilar.com\/en\/el-nino-desde-el-punto-de-vista-psicologico\/","og_site_name":"EducatesPilar.com","article_published_time":"2025-10-27T18:11:58+00:00","article_modified_time":"2025-11-04T18:12:51+00:00","og_image":[{"width":2560,"height":1703,"url":"https:\/\/educatespilar.com\/wp-content\/uploads\/2025\/11\/sad-child-looking-through-window-quarantine-scaled.jpg","type":"image\/jpeg"}],"author":"educates","twitter_card":"summary_large_image","twitter_misc":{"Written by":"educates","Est. reading time":"2 minutes"},"schema":{"@context":"https:\/\/schema.org","@graph":[{"@type":"Article","@id":"https:\/\/educatespilar.com\/el-nino-desde-el-punto-de-vista-psicologico\/#article","isPartOf":{"@id":"https:\/\/educatespilar.com\/el-nino-desde-el-punto-de-vista-psicologico\/"},"author":{"name":"educates","@id":"https:\/\/tzs.pgq.temporary.site\/website_c18d3ae6\/#\/schema\/person\/655446504db2a404e6921d90ab7c0a0f"},"headline":"El Ni\u00f1o Desde el Punto de Vista Psicol\u00f3gico","datePublished":"2025-10-27T18:11:58+00:00","dateModified":"2025-11-04T18:12:51+00:00","mainEntityOfPage":{"@id":"https:\/\/educatespilar.com\/el-nino-desde-el-punto-de-vista-psicologico\/"},"wordCount":287,"image":{"@id":"https:\/\/educatespilar.com\/el-nino-desde-el-punto-de-vista-psicologico\/#primaryimage"},"thumbnailUrl":"https:\/\/i0.wp.com\/educatespilar.com\/wp-content\/uploads\/2025\/11\/sad-child-looking-through-window-quarantine-scaled.jpg?fit=2560%2C1703&ssl=1","keywords":["ni\u00f1o","psicologia"],"articleSection":["Educaci\u00f3n"],"inLanguage":"en-US"},{"@type":"WebPage","@id":"https:\/\/educatespilar.com\/el-nino-desde-el-punto-de-vista-psicologico\/","url":"https:\/\/educatespilar.com\/el-nino-desde-el-punto-de-vista-psicologico\/","name":"El Ni\u00f1o Desde el Punto de Vista Psicol\u00f3gico - EducatesPilar.com","isPartOf":{"@id":"https:\/\/tzs.pgq.temporary.site\/website_c18d3ae6\/#website"},"primaryImageOfPage":{"@id":"https:\/\/educatespilar.com\/el-nino-desde-el-punto-de-vista-psicologico\/#primaryimage"},"image":{"@id":"https:\/\/educatespilar.com\/el-nino-desde-el-punto-de-vista-psicologico\/#primaryimage"},"thumbnailUrl":"https:\/\/i0.wp.com\/educatespilar.com\/wp-content\/uploads\/2025\/11\/sad-child-looking-through-window-quarantine-scaled.jpg?fit=2560%2C1703&ssl=1","datePublished":"2025-10-27T18:11:58+00:00","dateModified":"2025-11-04T18:12:51+00:00","author":{"@id":"https:\/\/tzs.pgq.temporary.site\/website_c18d3ae6\/#\/schema\/person\/655446504db2a404e6921d90ab7c0a0f"},"breadcrumb":{"@id":"https:\/\/educatespilar.com\/el-nino-desde-el-punto-de-vista-psicologico\/#breadcrumb"},"inLanguage":"en-US","potentialAction":[{"@type":"ReadAction","target":["https:\/\/educatespilar.com\/el-nino-desde-el-punto-de-vista-psicologico\/"]}]},{"@type":"ImageObject","inLanguage":"en-US","@id":"https:\/\/educatespilar.com\/el-nino-desde-el-punto-de-vista-psicologico\/#primaryimage","url":"https:\/\/i0.wp.com\/educatespilar.com\/wp-content\/uploads\/2025\/11\/sad-child-looking-through-window-quarantine-scaled.jpg?fit=2560%2C1703&ssl=1","contentUrl":"https:\/\/i0.wp.com\/educatespilar.com\/wp-content\/uploads\/2025\/11\/sad-child-looking-through-window-quarantine-scaled.jpg?fit=2560%2C1703&ssl=1","width":2560,"height":1703,"caption":"Un ni\u00f1o con camiseta azul observa por la ventana con gesto melanc\u00f3lico, apoyando la cabeza en su mano. La luz natural ilumina parcialmente su rostro, acentuando una atm\u00f3sfera de introspecci\u00f3n y soledad. La imagen simboliza los efectos emocionales del aislamiento y la necesidad de contenci\u00f3n afectiva durante periodos prolongados en el hogar, como los vividos en contextos de confinamiento."},{"@type":"BreadcrumbList","@id":"https:\/\/educatespilar.com\/el-nino-desde-el-punto-de-vista-psicologico\/#breadcrumb","itemListElement":[{"@type":"ListItem","position":1,"name":"Home","item":"https:\/\/educatespilar.com\/"},{"@type":"ListItem","position":2,"name":"El Ni\u00f1o Desde el Punto de Vista Psicol\u00f3gico"}]},{"@type":"WebSite","@id":"https:\/\/tzs.pgq.temporary.site\/website_c18d3ae6\/#website","url":"https:\/\/tzs.pgq.temporary.site\/website_c18d3ae6\/","name":"EducatesPilar.com","description":"","potentialAction":[{"@type":"SearchAction","target":{"@type":"EntryPoint","urlTemplate":"https:\/\/tzs.pgq.temporary.site\/website_c18d3ae6\/?s={search_term_string}"},"query-input":{"@type":"PropertyValueSpecification","valueRequired":true,"valueName":"search_term_string"}}],"inLanguage":"en-US"},{"@type":"Person","@id":"https:\/\/tzs.pgq.temporary.site\/website_c18d3ae6\/#\/schema\/person\/655446504db2a404e6921d90ab7c0a0f","name":"educates","image":{"@type":"ImageObject","inLanguage":"en-US","@id":"https:\/\/secure.gravatar.com\/avatar\/f1e844324149cf607705bdc3821ac52f5613382cc275e3a009bc73539c52a819?s=96&d=mm&r=g","url":"https:\/\/secure.gravatar.com\/avatar\/f1e844324149cf607705bdc3821ac52f5613382cc275e3a009bc73539c52a819?s=96&d=mm&r=g","contentUrl":"https:\/\/secure.gravatar.com\/avatar\/f1e844324149cf607705bdc3821ac52f5613382cc275e3a009bc73539c52a819?s=96&d=mm&r=g","caption":"educates"},"url":"https:\/\/educatespilar.com\/en\/author\/educates\/"}]}},"jetpack_featured_media_url":"https:\/\/i0.wp.com\/educatespilar.com\/wp-content\/uploads\/2025\/11\/sad-child-looking-through-window-quarantine-scaled.jpg?fit=2560%2C1703&ssl=1","jetpack_sharing_enabled":true,"_links":{"self":[{"href":"https:\/\/educatespilar.com\/en\/wp-json\/wp\/v2\/posts\/166","targetHints":{"allow":["GET"]}}],"collection":[{"href":"https:\/\/educatespilar.com\/en\/wp-json\/wp\/v2\/posts"}],"about":[{"href":"https:\/\/educatespilar.com\/en\/wp-json\/wp\/v2\/types\/post"}],"author":[{"embeddable":true,"href":"https:\/\/educatespilar.com\/en\/wp-json\/wp\/v2\/users\/2"}],"replies":[{"embeddable":true,"href":"https:\/\/educatespilar.com\/en\/wp-json\/wp\/v2\/comments?post=166"}],"version-history":[{"count":1,"href":"https:\/\/educatespilar.com\/en\/wp-json\/wp\/v2\/posts\/166\/revisions"}],"predecessor-version":[{"id":168,"href":"https:\/\/educatespilar.com\/en\/wp-json\/wp\/v2\/posts\/166\/revisions\/168"}],"wp:featuredmedia":[{"embeddable":true,"href":"https:\/\/educatespilar.com\/en\/wp-json\/wp\/v2\/media\/167"}],"wp:attachment":[{"href":"https:\/\/educatespilar.com\/en\/wp-json\/wp\/v2\/media?parent=166"}],"wp:term":[{"taxonomy":"category","embeddable":true,"href":"https:\/\/educatespilar.com\/en\/wp-json\/wp\/v2\/categories?post=166"},{"taxonomy":"post_tag","embeddable":true,"href":"https:\/\/educatespilar.com\/en\/wp-json\/wp\/v2\/tags?post=166"}],"curies":[{"name":"wp","href":"https:\/\/api.w.org\/{rel}","templated":true}]}}