{"id":112,"date":"2025-09-23T15:04:41","date_gmt":"2025-09-23T15:04:41","guid":{"rendered":"https:\/\/educatespilar.com\/?p=112"},"modified":"2025-11-04T17:58:16","modified_gmt":"2025-11-04T17:58:16","slug":"iniciativas-globales-que-llevan-educacion-a-donde-mas-se-necesita","status":"publish","type":"post","link":"https:\/\/educatespilar.com\/en\/iniciativas-globales-que-llevan-educacion-a-donde-mas-se-necesita\/","title":{"rendered":"Iniciativas globales que llevan educaci\u00f3n a donde m\u00e1s se necesita"},"content":{"rendered":"<p><span style=\"font-weight: 400;\">Los proyectos educativos son de gran relevancia para el desarrollo social. Cada uno de los proyectos que llegan a ni\u00f1os y adultos son alineados a sus demandas sociales, culturales y del territorio.<\/span><\/p>\n<p><img data-recalc-dims=\"1\" decoding=\"async\" loading=\"lazy\" class=\"alignnone size-medium wp-image-113\" src=\"https:\/\/i0.wp.com\/educatespilar.com\/wp-content\/uploads\/2025\/10\/computer-book-reading-planning-ideas-students.jpg?resize=300%2C200&#038;ssl=1\" alt=\"\" width=\"300\" height=\"200\" srcset=\"https:\/\/i0.wp.com\/educatespilar.com\/wp-content\/uploads\/2025\/10\/computer-book-reading-planning-ideas-students-scaled.jpg?resize=300%2C200&amp;ssl=1 300w, https:\/\/i0.wp.com\/educatespilar.com\/wp-content\/uploads\/2025\/10\/computer-book-reading-planning-ideas-students-scaled.jpg?resize=1024%2C683&amp;ssl=1 1024w, https:\/\/i0.wp.com\/educatespilar.com\/wp-content\/uploads\/2025\/10\/computer-book-reading-planning-ideas-students-scaled.jpg?resize=768%2C512&amp;ssl=1 768w, https:\/\/i0.wp.com\/educatespilar.com\/wp-content\/uploads\/2025\/10\/computer-book-reading-planning-ideas-students-scaled.jpg?resize=1536%2C1024&amp;ssl=1 1536w, https:\/\/i0.wp.com\/educatespilar.com\/wp-content\/uploads\/2025\/10\/computer-book-reading-planning-ideas-students-scaled.jpg?resize=2048%2C1365&amp;ssl=1 2048w, https:\/\/i0.wp.com\/educatespilar.com\/wp-content\/uploads\/2025\/10\/computer-book-reading-planning-ideas-students-scaled.jpg?resize=18%2C12&amp;ssl=1 18w\" sizes=\"auto, (max-width: 300px) 100vw, 300px\" \/><\/p>\n<p><span style=\"font-weight: 400;\">En la actualidad, el acceso a la <\/span><b>educaci\u00f3n de calidad<\/b><span style=\"font-weight: 400;\"> es una de las herramientas m\u00e1s poderosas para transformar realidades, en diversas partes del mundo. En comunidades remotas, zonas afectadas por conflictos armados o territorios golpeados por la pobreza, miles de ni\u00f1os, j\u00f3venes y adultos enfrentan problemas para acceder al <\/span><b>aprendizaje y desarrollarse.\u00a0<\/b><\/p>\n<p><span style=\"font-weight: 400;\">Es en este escenario adverso y no deseable que surgen respuestas. Diversas iniciativas mundiales que, con <\/span><b>creatividad, compromiso y cooperaci\u00f3n<\/b><span style=\"font-weight: 400;\"> internacional, dan respuesta para llevar educaci\u00f3n a donde m\u00e1s se necesita.\u00a0<\/span><\/p>\n<p><span style=\"font-weight: 400;\">Estos programas no solo brindan conocimiento, sino que abren puertas a nuevas oportunidades, <\/span><b>fortalecen capacidades locales<\/b><span style=\"font-weight: 400;\"> y promueven un desarrollo m\u00e1s equitativo, cualquier que sea el punto del mundo en el que habite un ni\u00f1o.<\/span><\/p>\n<h2><b>Educaci\u00f3n en territorios de emergencia<\/b><\/h2>\n<p><span style=\"font-weight: 400;\">Uno de los desaf\u00edos m\u00e1s urgentes es garantizar la educaci\u00f3n en <\/span><b>zonas de conflicto o desplazamiento forzado<\/b><span style=\"font-weight: 400;\">. El Alto Comisionado de las Naciones Unidas para los Refugiados (ACNUR) indic\u00f3 que m\u00e1s de la mitad de los ni\u00f1os refugiados en edad escolar no est\u00e1n escolarizados.<\/span><\/p>\n<p><span style=\"font-weight: 400;\">Para enfrentar esta problem\u00e1tica, esta crisis se pusieron en marcha proyectos como\u00a0 <\/span><b>Educate A Child<\/b><span style=\"font-weight: 400;\">, una iniciativa de la Fundaci\u00f3n Educate A Child de Qatar, que logr\u00f3 escolarizar a m\u00e1s de 10 millones de ni\u00f1os en situaci\u00f3n de vulnerabilidad desde su creaci\u00f3n en 2012, trabajando en conjunto con gobiernos, ONGs y agencias multilaterales.<\/span><\/p>\n<p><b>War Child<\/b><span style=\"font-weight: 400;\">, una organizaci\u00f3n que funciona en Pa\u00edses Bajos y se convirti\u00f3 en un \u00e9xito, por su tipo de modelo. Sus programas educativos se distinguen ampliamente ya que son adaptados a los distintos\u00a0 escenarios que pueden presentarse, como la guerra en pa\u00edses como Sud\u00e1n del Sur, Afganist\u00e1n y Yemen, aplicando metodolog\u00edas flexibles y tecnolog\u00eda m\u00f3vil para garantizar que los ni\u00f1os puedan continuar con su aprendizaje, pese a las condiciones de desplazamiento o inseguridad.<\/span><\/p>\n<p><span style=\"font-weight: 400;\">Las <\/span><b>escuelas m\u00f3viles<\/b><span style=\"font-weight: 400;\"> son otra de las grandes herramientas educativas. En zonas donde la poblaci\u00f3n es n\u00f3made o de dif\u00edcil acceso, las escuelas tradicionales no siempre logran tener los resultados esperados.\u00a0<\/span><\/p>\n<p><span style=\"font-weight: 400;\">Ante esta realidad, algunos pa\u00edses dise\u00f1aron soluciones. En Colombia, desde los a\u00f1os 70 funciona el programa Escuela Nueva que adapta la ense\u00f1anza a los ritmos y necesidades de comunidades rurales, y tiene resultados m\u00e1s que positivos. Para ello, usa materiales auto-instructivos, promueve el <\/span><b>aprendizaje activo<\/b><span style=\"font-weight: 400;\"> y la participaci\u00f3n de las familias, y fue aplicado en m\u00e1s de 20 pa\u00edses por su efectividad.<\/span><\/p>\n<p><span style=\"font-weight: 400;\">La escuela barco de Bangladesh, desarrollada por la ONG Shidhulai Swanirvar Sangstha, es otro caso que se destaca, siendo que en \u00e1reas rurales, que <\/span><b>suelen sufrir\u00a0 inundaciones,<\/b><span style=\"font-weight: 400;\"> es donde los centros educativos quedan aislados durante la temporada de lluvias. De all\u00ed se realiz\u00f3 la transformaron de embarcaciones en aulas flotantes equipadas con paneles solares, computadoras y bibliotecas m\u00f3viles.\u00a0<\/span><\/p>\n<p><span style=\"font-weight: 400;\">Con este mecanismo de brindar clases en <\/span><b>embarcaciones, <\/b><span style=\"font-weight: 400;\">miles de ni\u00f1os contin\u00faan su educaci\u00f3n sin interrupciones, incluso cuando las condiciones clim\u00e1ticas son extremas.<\/span><\/p>\n<p><span style=\"font-weight: 400;\">En esta l\u00ednea, es importante remarcar que la educaci\u00f3n cumple un rol clave en la reducci\u00f3n de la pobreza cuando se articula con el <\/span><b>desarrollo profesional<\/b><span style=\"font-weight: 400;\">. Proyectos como Young \u00c1frica, lo demuestra al ser una red de centros de formaci\u00f3n t\u00e9cnica en funcionamiento en pa\u00edses del sur de \u00c1frica y se enfocan en ense\u00f1ar habilidades pr\u00e1cticas en oficios como mec\u00e1nica, electricidad, carpinter\u00eda o tecnolog\u00edas de la informaci\u00f3n.\u00a0<\/span><\/p>\n<p><span style=\"font-weight: 400;\">Este modelo es una combinaci\u00f3n entre capacitaci\u00f3n t\u00e9cnica con desarrollo personal y acompa\u00f1amiento en la inserci\u00f3n laboral, lo que lo transform\u00f3 en una herramienta fundamental que logr\u00f3\u00a0 tasas de empleos superiores al 80% entre sus <\/span><b>egresados.<\/b><\/p>\n<p><span style=\"font-weight: 400;\">En Am\u00e9rica Latina, el programa <\/span><b>Ense\u00f1a por Argentina<\/b><span style=\"font-weight: 400;\"> trabaja para reducir la desigualdad educativa, con el rol de j\u00f3venes profesionales capacitados que ense\u00f1an en contextos vulnerables.\u00a0<\/span><\/p>\n<p><span style=\"font-weight: 400;\">Cerrar la brecha de g\u00e9nero tambi\u00e9n es una prioridad en muchas de estas acciones educativas, siendo que a trav\u00e9s de sus programas de formaci\u00f3n es un tema transversal . La organizaci\u00f3n <\/span><b>CAMFED<\/b><span style=\"font-weight: 400;\"> (Campaign for Female Education), est\u00e1 activo en cinco pa\u00edses africanos, y brinda apoyo educativo a m\u00e1s de 6,4 millones de ni\u00f1as.\u00a0<\/span><\/p>\n<p><span style=\"font-weight: 400;\">Su enfoque va m\u00e1s all\u00e1 de cubrir matr\u00edculas o materiales hacia ni\u00f1as y mujeres, sino que incluye tutor\u00edas, apoyo <\/span><b>psicol\u00f3gico, seguridad menstrual y formaci\u00f3n en liderazgo<\/b><span style=\"font-weight: 400;\">. Uno de los pilares del programa es que las beneficiarias egresadas\u00a0 vuelvan a sus comunidades para convertirse en mentoras de otras ni\u00f1as, generando un c\u00edrculo virtuoso de empoderamiento educativo.<\/span><\/p>\n<p><span style=\"font-weight: 400;\">Estas iniciativas,son muy distintas y alineadas a las caracter\u00edsticas de cada uno de los territorios en los que se desarrollan, para responder a las <\/span><b>demandas activas. <\/b><span style=\"font-weight: 400;\">Pero todos siguen la misma base: la educaci\u00f3n puede ser un motor de cambio, incluso en los escenarios m\u00e1s dif\u00edciles.\u00a0<\/span><\/p>\n<p><span style=\"font-weight: 400;\">Las experiencias demuestran la importancia para el funcionamiento no est\u00e1 solo en replicar modelos, sino en poder adaptarlos culturalmente, por lo que contar con<\/span><b> aliados locales<\/b><span style=\"font-weight: 400;\"> y garantizar la sostenibilidad a largo plazo es fundamental. La participaci\u00f3n comunitaria, el enfoque inclusivo y la flexibilidad pedag\u00f3gica son sumamente necesario para sostenerlos y poder tener los resultados esperados.\u00a0<\/span><\/p>\n<p><span style=\"font-weight: 400;\">La UNESCO se\u00f1ala que en la actualidad hay m\u00e1s de 250 millones de ni\u00f1os y adolescentes que no acceden a una<\/span><b> educaci\u00f3n b\u00e1sica adecuada<\/b><span style=\"font-weight: 400;\">. El financiamiento internacional, la cooperaci\u00f3n p\u00fablica-privada y la innovaci\u00f3n son\u00a0 herramientas que son fundamentales que existan para alcanzar la meta de educaci\u00f3n universal planteada en los Objetivos de Desarrollo Sostenible.<\/span><\/p>\n<p>&nbsp;<\/p>","protected":false},"excerpt":{"rendered":"<p>Los proyectos educativos son de gran relevancia para el desarrollo social. Cada uno de los proyectos que llegan a ni\u00f1os y adultos son alineados a sus demandas sociales, culturales y del territorio. En la actualidad, el acceso a la educaci\u00f3n de calidad es una de las herramientas m\u00e1s poderosas para transformar realidades, en diversas partes [&hellip;]<\/p>\n","protected":false},"author":2,"featured_media":113,"comment_status":"closed","ping_status":"closed","sticky":false,"template":"","format":"standard","meta":{"nf_dc_page":"","_jetpack_memberships_contains_paid_content":false,"footnotes":""},"categories":[9],"tags":[26],"class_list":["post-112","post","type-post","status-publish","format-standard","has-post-thumbnail","hentry","category-educacion","tag-educacion"],"yoast_head":"<!-- This site is optimized with the Yoast SEO plugin v27.4 - https:\/\/yoast.com\/product\/yoast-seo-wordpress\/ -->\n<title>Iniciativas globales que llevan educaci\u00f3n a donde m\u00e1s se necesita - EducatesPilar.com<\/title>\n<meta name=\"robots\" content=\"index, follow, max-snippet:-1, max-image-preview:large, max-video-preview:-1\" \/>\n<link rel=\"canonical\" href=\"https:\/\/educatespilar.com\/en\/iniciativas-globales-que-llevan-educacion-a-donde-mas-se-necesita\/\" \/>\n<meta property=\"og:locale\" content=\"en_US\" \/>\n<meta property=\"og:type\" content=\"article\" \/>\n<meta property=\"og:title\" content=\"Iniciativas globales que llevan educaci\u00f3n a donde m\u00e1s se necesita - EducatesPilar.com\" \/>\n<meta property=\"og:description\" content=\"Los proyectos educativos son de gran relevancia para el desarrollo social. Cada uno de los proyectos que llegan a ni\u00f1os y adultos son alineados a sus demandas sociales, culturales y del territorio. En la actualidad, el acceso a la educaci\u00f3n de calidad es una de las herramientas m\u00e1s poderosas para transformar realidades, en diversas partes [&hellip;]\" \/>\n<meta property=\"og:url\" content=\"https:\/\/educatespilar.com\/en\/iniciativas-globales-que-llevan-educacion-a-donde-mas-se-necesita\/\" \/>\n<meta property=\"og:site_name\" content=\"EducatesPilar.com\" \/>\n<meta property=\"article:published_time\" content=\"2025-09-23T15:04:41+00:00\" \/>\n<meta property=\"article:modified_time\" content=\"2025-11-04T17:58:16+00:00\" \/>\n<meta property=\"og:image\" content=\"https:\/\/educatespilar.com\/wp-content\/uploads\/2025\/10\/computer-book-reading-planning-ideas-students-scaled.jpg\" \/>\n\t<meta property=\"og:image:width\" content=\"2560\" \/>\n\t<meta property=\"og:image:height\" content=\"1707\" \/>\n\t<meta property=\"og:image:type\" content=\"image\/jpeg\" \/>\n<meta name=\"author\" content=\"educates\" \/>\n<meta name=\"twitter:card\" content=\"summary_large_image\" \/>\n<meta name=\"twitter:label1\" content=\"Written by\" \/>\n\t<meta name=\"twitter:data1\" content=\"educates\" \/>\n\t<meta name=\"twitter:label2\" content=\"Est. reading time\" \/>\n\t<meta name=\"twitter:data2\" content=\"5 minutes\" \/>\n<script type=\"application\/ld+json\" class=\"yoast-schema-graph\">{\"@context\":\"https:\\\/\\\/schema.org\",\"@graph\":[{\"@type\":\"Article\",\"@id\":\"https:\\\/\\\/educatespilar.com\\\/iniciativas-globales-que-llevan-educacion-a-donde-mas-se-necesita\\\/#article\",\"isPartOf\":{\"@id\":\"https:\\\/\\\/educatespilar.com\\\/iniciativas-globales-que-llevan-educacion-a-donde-mas-se-necesita\\\/\"},\"author\":{\"name\":\"educates\",\"@id\":\"https:\\\/\\\/tzs.pgq.temporary.site\\\/website_c18d3ae6\\\/#\\\/schema\\\/person\\\/655446504db2a404e6921d90ab7c0a0f\"},\"headline\":\"Iniciativas globales que llevan educaci\u00f3n a donde m\u00e1s se necesita\",\"datePublished\":\"2025-09-23T15:04:41+00:00\",\"dateModified\":\"2025-11-04T17:58:16+00:00\",\"mainEntityOfPage\":{\"@id\":\"https:\\\/\\\/educatespilar.com\\\/iniciativas-globales-que-llevan-educacion-a-donde-mas-se-necesita\\\/\"},\"wordCount\":1000,\"image\":{\"@id\":\"https:\\\/\\\/educatespilar.com\\\/iniciativas-globales-que-llevan-educacion-a-donde-mas-se-necesita\\\/#primaryimage\"},\"thumbnailUrl\":\"https:\\\/\\\/i0.wp.com\\\/educatespilar.com\\\/wp-content\\\/uploads\\\/2025\\\/10\\\/computer-book-reading-planning-ideas-students-scaled.jpg?fit=2560%2C1707&ssl=1\",\"keywords\":[\"educacion\"],\"articleSection\":[\"Educaci\u00f3n\"],\"inLanguage\":\"en-US\"},{\"@type\":\"WebPage\",\"@id\":\"https:\\\/\\\/educatespilar.com\\\/iniciativas-globales-que-llevan-educacion-a-donde-mas-se-necesita\\\/\",\"url\":\"https:\\\/\\\/educatespilar.com\\\/iniciativas-globales-que-llevan-educacion-a-donde-mas-se-necesita\\\/\",\"name\":\"Iniciativas globales que llevan educaci\u00f3n a donde m\u00e1s se necesita - EducatesPilar.com\",\"isPartOf\":{\"@id\":\"https:\\\/\\\/tzs.pgq.temporary.site\\\/website_c18d3ae6\\\/#website\"},\"primaryImageOfPage\":{\"@id\":\"https:\\\/\\\/educatespilar.com\\\/iniciativas-globales-que-llevan-educacion-a-donde-mas-se-necesita\\\/#primaryimage\"},\"image\":{\"@id\":\"https:\\\/\\\/educatespilar.com\\\/iniciativas-globales-que-llevan-educacion-a-donde-mas-se-necesita\\\/#primaryimage\"},\"thumbnailUrl\":\"https:\\\/\\\/i0.wp.com\\\/educatespilar.com\\\/wp-content\\\/uploads\\\/2025\\\/10\\\/computer-book-reading-planning-ideas-students-scaled.jpg?fit=2560%2C1707&ssl=1\",\"datePublished\":\"2025-09-23T15:04:41+00:00\",\"dateModified\":\"2025-11-04T17:58:16+00:00\",\"author\":{\"@id\":\"https:\\\/\\\/tzs.pgq.temporary.site\\\/website_c18d3ae6\\\/#\\\/schema\\\/person\\\/655446504db2a404e6921d90ab7c0a0f\"},\"breadcrumb\":{\"@id\":\"https:\\\/\\\/educatespilar.com\\\/iniciativas-globales-que-llevan-educacion-a-donde-mas-se-necesita\\\/#breadcrumb\"},\"inLanguage\":\"en-US\",\"potentialAction\":[{\"@type\":\"ReadAction\",\"target\":[\"https:\\\/\\\/educatespilar.com\\\/iniciativas-globales-que-llevan-educacion-a-donde-mas-se-necesita\\\/\"]}]},{\"@type\":\"ImageObject\",\"inLanguage\":\"en-US\",\"@id\":\"https:\\\/\\\/educatespilar.com\\\/iniciativas-globales-que-llevan-educacion-a-donde-mas-se-necesita\\\/#primaryimage\",\"url\":\"https:\\\/\\\/i0.wp.com\\\/educatespilar.com\\\/wp-content\\\/uploads\\\/2025\\\/10\\\/computer-book-reading-planning-ideas-students-scaled.jpg?fit=2560%2C1707&ssl=1\",\"contentUrl\":\"https:\\\/\\\/i0.wp.com\\\/educatespilar.com\\\/wp-content\\\/uploads\\\/2025\\\/10\\\/computer-book-reading-planning-ideas-students-scaled.jpg?fit=2560%2C1707&ssl=1\",\"width\":2560,\"height\":1707,\"caption\":\"Estudiantes trabajando en equipo con recursos impresos y digitales para la organizaci\u00f3n del estudio.\"},{\"@type\":\"BreadcrumbList\",\"@id\":\"https:\\\/\\\/educatespilar.com\\\/iniciativas-globales-que-llevan-educacion-a-donde-mas-se-necesita\\\/#breadcrumb\",\"itemListElement\":[{\"@type\":\"ListItem\",\"position\":1,\"name\":\"Home\",\"item\":\"https:\\\/\\\/educatespilar.com\\\/\"},{\"@type\":\"ListItem\",\"position\":2,\"name\":\"Iniciativas globales que llevan educaci\u00f3n a donde m\u00e1s se necesita\"}]},{\"@type\":\"WebSite\",\"@id\":\"https:\\\/\\\/tzs.pgq.temporary.site\\\/website_c18d3ae6\\\/#website\",\"url\":\"https:\\\/\\\/tzs.pgq.temporary.site\\\/website_c18d3ae6\\\/\",\"name\":\"EducatesPilar.com\",\"description\":\"\",\"potentialAction\":[{\"@type\":\"SearchAction\",\"target\":{\"@type\":\"EntryPoint\",\"urlTemplate\":\"https:\\\/\\\/tzs.pgq.temporary.site\\\/website_c18d3ae6\\\/?s={search_term_string}\"},\"query-input\":{\"@type\":\"PropertyValueSpecification\",\"valueRequired\":true,\"valueName\":\"search_term_string\"}}],\"inLanguage\":\"en-US\"},{\"@type\":\"Person\",\"@id\":\"https:\\\/\\\/tzs.pgq.temporary.site\\\/website_c18d3ae6\\\/#\\\/schema\\\/person\\\/655446504db2a404e6921d90ab7c0a0f\",\"name\":\"educates\",\"image\":{\"@type\":\"ImageObject\",\"inLanguage\":\"en-US\",\"@id\":\"https:\\\/\\\/secure.gravatar.com\\\/avatar\\\/f1e844324149cf607705bdc3821ac52f5613382cc275e3a009bc73539c52a819?s=96&d=mm&r=g\",\"url\":\"https:\\\/\\\/secure.gravatar.com\\\/avatar\\\/f1e844324149cf607705bdc3821ac52f5613382cc275e3a009bc73539c52a819?s=96&d=mm&r=g\",\"contentUrl\":\"https:\\\/\\\/secure.gravatar.com\\\/avatar\\\/f1e844324149cf607705bdc3821ac52f5613382cc275e3a009bc73539c52a819?s=96&d=mm&r=g\",\"caption\":\"educates\"},\"url\":\"https:\\\/\\\/educatespilar.com\\\/en\\\/author\\\/educates\\\/\"}]}<\/script>\n<!-- \/ Yoast SEO plugin. -->","yoast_head_json":{"title":"Iniciativas globales que llevan educaci\u00f3n a donde m\u00e1s se necesita - EducatesPilar.com","robots":{"index":"index","follow":"follow","max-snippet":"max-snippet:-1","max-image-preview":"max-image-preview:large","max-video-preview":"max-video-preview:-1"},"canonical":"https:\/\/educatespilar.com\/en\/iniciativas-globales-que-llevan-educacion-a-donde-mas-se-necesita\/","og_locale":"en_US","og_type":"article","og_title":"Iniciativas globales que llevan educaci\u00f3n a donde m\u00e1s se necesita - EducatesPilar.com","og_description":"Los proyectos educativos son de gran relevancia para el desarrollo social. Cada uno de los proyectos que llegan a ni\u00f1os y adultos son alineados a sus demandas sociales, culturales y del territorio. En la actualidad, el acceso a la educaci\u00f3n de calidad es una de las herramientas m\u00e1s poderosas para transformar realidades, en diversas partes [&hellip;]","og_url":"https:\/\/educatespilar.com\/en\/iniciativas-globales-que-llevan-educacion-a-donde-mas-se-necesita\/","og_site_name":"EducatesPilar.com","article_published_time":"2025-09-23T15:04:41+00:00","article_modified_time":"2025-11-04T17:58:16+00:00","og_image":[{"width":2560,"height":1707,"url":"https:\/\/educatespilar.com\/wp-content\/uploads\/2025\/10\/computer-book-reading-planning-ideas-students-scaled.jpg","type":"image\/jpeg"}],"author":"educates","twitter_card":"summary_large_image","twitter_misc":{"Written by":"educates","Est. reading time":"5 minutes"},"schema":{"@context":"https:\/\/schema.org","@graph":[{"@type":"Article","@id":"https:\/\/educatespilar.com\/iniciativas-globales-que-llevan-educacion-a-donde-mas-se-necesita\/#article","isPartOf":{"@id":"https:\/\/educatespilar.com\/iniciativas-globales-que-llevan-educacion-a-donde-mas-se-necesita\/"},"author":{"name":"educates","@id":"https:\/\/tzs.pgq.temporary.site\/website_c18d3ae6\/#\/schema\/person\/655446504db2a404e6921d90ab7c0a0f"},"headline":"Iniciativas globales que llevan educaci\u00f3n a donde m\u00e1s se necesita","datePublished":"2025-09-23T15:04:41+00:00","dateModified":"2025-11-04T17:58:16+00:00","mainEntityOfPage":{"@id":"https:\/\/educatespilar.com\/iniciativas-globales-que-llevan-educacion-a-donde-mas-se-necesita\/"},"wordCount":1000,"image":{"@id":"https:\/\/educatespilar.com\/iniciativas-globales-que-llevan-educacion-a-donde-mas-se-necesita\/#primaryimage"},"thumbnailUrl":"https:\/\/i0.wp.com\/educatespilar.com\/wp-content\/uploads\/2025\/10\/computer-book-reading-planning-ideas-students-scaled.jpg?fit=2560%2C1707&ssl=1","keywords":["educacion"],"articleSection":["Educaci\u00f3n"],"inLanguage":"en-US"},{"@type":"WebPage","@id":"https:\/\/educatespilar.com\/iniciativas-globales-que-llevan-educacion-a-donde-mas-se-necesita\/","url":"https:\/\/educatespilar.com\/iniciativas-globales-que-llevan-educacion-a-donde-mas-se-necesita\/","name":"Iniciativas globales que llevan educaci\u00f3n a donde m\u00e1s se necesita - EducatesPilar.com","isPartOf":{"@id":"https:\/\/tzs.pgq.temporary.site\/website_c18d3ae6\/#website"},"primaryImageOfPage":{"@id":"https:\/\/educatespilar.com\/iniciativas-globales-que-llevan-educacion-a-donde-mas-se-necesita\/#primaryimage"},"image":{"@id":"https:\/\/educatespilar.com\/iniciativas-globales-que-llevan-educacion-a-donde-mas-se-necesita\/#primaryimage"},"thumbnailUrl":"https:\/\/i0.wp.com\/educatespilar.com\/wp-content\/uploads\/2025\/10\/computer-book-reading-planning-ideas-students-scaled.jpg?fit=2560%2C1707&ssl=1","datePublished":"2025-09-23T15:04:41+00:00","dateModified":"2025-11-04T17:58:16+00:00","author":{"@id":"https:\/\/tzs.pgq.temporary.site\/website_c18d3ae6\/#\/schema\/person\/655446504db2a404e6921d90ab7c0a0f"},"breadcrumb":{"@id":"https:\/\/educatespilar.com\/iniciativas-globales-que-llevan-educacion-a-donde-mas-se-necesita\/#breadcrumb"},"inLanguage":"en-US","potentialAction":[{"@type":"ReadAction","target":["https:\/\/educatespilar.com\/iniciativas-globales-que-llevan-educacion-a-donde-mas-se-necesita\/"]}]},{"@type":"ImageObject","inLanguage":"en-US","@id":"https:\/\/educatespilar.com\/iniciativas-globales-que-llevan-educacion-a-donde-mas-se-necesita\/#primaryimage","url":"https:\/\/i0.wp.com\/educatespilar.com\/wp-content\/uploads\/2025\/10\/computer-book-reading-planning-ideas-students-scaled.jpg?fit=2560%2C1707&ssl=1","contentUrl":"https:\/\/i0.wp.com\/educatespilar.com\/wp-content\/uploads\/2025\/10\/computer-book-reading-planning-ideas-students-scaled.jpg?fit=2560%2C1707&ssl=1","width":2560,"height":1707,"caption":"Estudiantes trabajando en equipo con recursos impresos y digitales para la organizaci\u00f3n del estudio."},{"@type":"BreadcrumbList","@id":"https:\/\/educatespilar.com\/iniciativas-globales-que-llevan-educacion-a-donde-mas-se-necesita\/#breadcrumb","itemListElement":[{"@type":"ListItem","position":1,"name":"Home","item":"https:\/\/educatespilar.com\/"},{"@type":"ListItem","position":2,"name":"Iniciativas globales que llevan educaci\u00f3n a donde m\u00e1s se necesita"}]},{"@type":"WebSite","@id":"https:\/\/tzs.pgq.temporary.site\/website_c18d3ae6\/#website","url":"https:\/\/tzs.pgq.temporary.site\/website_c18d3ae6\/","name":"EducatesPilar.com","description":"","potentialAction":[{"@type":"SearchAction","target":{"@type":"EntryPoint","urlTemplate":"https:\/\/tzs.pgq.temporary.site\/website_c18d3ae6\/?s={search_term_string}"},"query-input":{"@type":"PropertyValueSpecification","valueRequired":true,"valueName":"search_term_string"}}],"inLanguage":"en-US"},{"@type":"Person","@id":"https:\/\/tzs.pgq.temporary.site\/website_c18d3ae6\/#\/schema\/person\/655446504db2a404e6921d90ab7c0a0f","name":"educates","image":{"@type":"ImageObject","inLanguage":"en-US","@id":"https:\/\/secure.gravatar.com\/avatar\/f1e844324149cf607705bdc3821ac52f5613382cc275e3a009bc73539c52a819?s=96&d=mm&r=g","url":"https:\/\/secure.gravatar.com\/avatar\/f1e844324149cf607705bdc3821ac52f5613382cc275e3a009bc73539c52a819?s=96&d=mm&r=g","contentUrl":"https:\/\/secure.gravatar.com\/avatar\/f1e844324149cf607705bdc3821ac52f5613382cc275e3a009bc73539c52a819?s=96&d=mm&r=g","caption":"educates"},"url":"https:\/\/educatespilar.com\/en\/author\/educates\/"}]}},"jetpack_featured_media_url":"https:\/\/i0.wp.com\/educatespilar.com\/wp-content\/uploads\/2025\/10\/computer-book-reading-planning-ideas-students-scaled.jpg?fit=2560%2C1707&ssl=1","jetpack_sharing_enabled":true,"_links":{"self":[{"href":"https:\/\/educatespilar.com\/en\/wp-json\/wp\/v2\/posts\/112","targetHints":{"allow":["GET"]}}],"collection":[{"href":"https:\/\/educatespilar.com\/en\/wp-json\/wp\/v2\/posts"}],"about":[{"href":"https:\/\/educatespilar.com\/en\/wp-json\/wp\/v2\/types\/post"}],"author":[{"embeddable":true,"href":"https:\/\/educatespilar.com\/en\/wp-json\/wp\/v2\/users\/2"}],"replies":[{"embeddable":true,"href":"https:\/\/educatespilar.com\/en\/wp-json\/wp\/v2\/comments?post=112"}],"version-history":[{"count":1,"href":"https:\/\/educatespilar.com\/en\/wp-json\/wp\/v2\/posts\/112\/revisions"}],"predecessor-version":[{"id":114,"href":"https:\/\/educatespilar.com\/en\/wp-json\/wp\/v2\/posts\/112\/revisions\/114"}],"wp:featuredmedia":[{"embeddable":true,"href":"https:\/\/educatespilar.com\/en\/wp-json\/wp\/v2\/media\/113"}],"wp:attachment":[{"href":"https:\/\/educatespilar.com\/en\/wp-json\/wp\/v2\/media?parent=112"}],"wp:term":[{"taxonomy":"category","embeddable":true,"href":"https:\/\/educatespilar.com\/en\/wp-json\/wp\/v2\/categories?post=112"},{"taxonomy":"post_tag","embeddable":true,"href":"https:\/\/educatespilar.com\/en\/wp-json\/wp\/v2\/tags?post=112"}],"curies":[{"name":"wp","href":"https:\/\/api.w.org\/{rel}","templated":true}]}}